{"id":34,"date":"2019-10-04T15:30:10","date_gmt":"2019-10-04T18:30:10","guid":{"rendered":"https:\/\/innovacionygestion.net\/?p=34"},"modified":"2019-10-04T15:30:10","modified_gmt":"2019-10-04T18:30:10","slug":"ordenaron-liberar-a-cristobal-lopez-y-a-fabian-de-sousa-en-las-dos-causas-ligadas-a-los-cuadernos-de-la-corrupcion","status":"publish","type":"post","link":"https:\/\/innovacionygestion.net\/index.php\/2019\/10\/04\/ordenaron-liberar-a-cristobal-lopez-y-a-fabian-de-sousa-en-las-dos-causas-ligadas-a-los-cuadernos-de-la-corrupcion\/","title":{"rendered":"Ordenaron liberar a Crist\u00f3bal L\u00f3pez y a Fabi\u00e1n de Sousa en las dos causas ligadas a los cuadernos de la corrupci\u00f3n"},"content":{"rendered":"<p>La Sala I de la C\u00e1mara Federal orden\u00f3 excarcelar a los empresarios Crist\u00f3bal L\u00f3pez y Fabi\u00e1n de Sousa en dos causas ligadas a los cuadernos de la corrupci\u00f3n. El juez de primera instancia, Claudio Bonadio, deber\u00e1 ahora fijar la fianza para que la decisi\u00f3n se haga efectiva.<!--more--><\/p>\n<p>Fuentes judiciales informaron a Infobae que los jueces de la Sala I de la C\u00e1mara, Leopoldo Bruglia y Pablo Bertuzzi, se basaron en la postura del fiscal Carlos Stornelli de avalar las libertades porque la causa no tiene riesgos procesales.<\/p>\n<p>Ahora el juez Bonadio debe fijar el monto de la fianza que deben pagar ambos para recuperar la libertad. Sin embargo, todav\u00eda podr\u00eda haber un obst\u00e1culo para que esto se concrete. El magistrado rechaz\u00f3 esta semana una exenci\u00f3n de prisi\u00f3n \u2013pedido para estar en libertad mientras se investiga el caso\u2013 en otro expediente en el que se podr\u00eda activar una nueva prisi\u00f3n preventiva.<\/p>\n<p>L\u00f3pez y De Sousa estaban presos en dos causas. La de \u201cOil Combustibles\u201d, en la que ya fueron liberados por el tribunal oral que est\u00e1 haciendo el juicio, y en dos tramos de la causa cuadernos: una por lavado de dinero por departamentos en el edificio de Cristina Kirchner en Juncal y Uruguay y otra por la cartelizaci\u00f3n de la obra p\u00fablica.<\/p>\n<p>En ese expediente hoy fueron liberados. \u201cNo vislumbr\u00e1ndose por el momento elementos que permitan suponer un comportamiento obstructivo que, en adelante, pongan en riesgo el avance de la investigaci\u00f3n, ni presumir que, de recuperar el imputado su libertad, podr\u00eda intentar eludir la acci\u00f3n de la justicia, el se\u00f1or Fiscal no se opuso a que se conceda el beneficio peticionado\u201d, se\u00f1alaron los camaristas.<\/p>\n<p>Explicaron que el fiscal aval\u00f3 las libertades. Stornelli se\u00f1al\u00f3 que las causas de cuadernos ya tienen toda la prueba recolectada, por lo que no hay riesgo de entorpecimiento. Tambi\u00e9n que los procesamientos de L\u00f3pez y De Sousa no est\u00e1n firmes.<\/p>\n","protected":false},"excerpt":{"rendered":"<p>La Sala I de la C\u00e1mara Federal orden\u00f3 excarcelar a los empresarios Crist\u00f3bal L\u00f3pez y<\/p>\n","protected":false},"author":1,"featured_media":35,"comment_status":"open","ping_status":"open","sticky":false,"template":"","format":"standard","meta":{"footnotes":""},"categories":[4],"tags":[],"_links":{"self":[{"href":"https:\/\/innovacionygestion.net\/index.php\/wp-json\/wp\/v2\/posts\/34"}],"collection":[{"href":"https:\/\/innovacionygestion.net\/index.php\/wp-json\/wp\/v2\/posts"}],"about":[{"href":"https:\/\/innovacionygestion.net\/index.php\/wp-json\/wp\/v2\/types\/post"}],"author":[{"embeddable":true,"href":"https:\/\/innovacionygestion.net\/index.php\/wp-json\/wp\/v2\/users\/1"}],"replies":[{"embeddable":true,"href":"https:\/\/innovacionygestion.net\/index.php\/wp-json\/wp\/v2\/comments?post=34"}],"version-history":[{"count":1,"href":"https:\/\/innovacionygestion.net\/index.php\/wp-json\/wp\/v2\/posts\/34\/revisions"}],"predecessor-version":[{"id":36,"href":"https:\/\/innovacionygestion.net\/index.php\/wp-json\/wp\/v2\/posts\/34\/revisions\/36"}],"wp:featuredmedia":[{"embeddable":true,"href":"https:\/\/innovacionygestion.net\/index.php\/wp-json\/wp\/v2\/media\/35"}],"wp:attachment":[{"href":"https:\/\/innovacionygestion.net\/index.php\/wp-json\/wp\/v2\/media?parent=34"}],"wp:term":[{"taxonomy":"category","embeddable":true,"href":"https:\/\/innovacionygestion.net\/index.php\/wp-json\/wp\/v2\/categories?post=34"},{"taxonomy":"post_tag","embeddable":true,"href":"https:\/\/innovacionygestion.net\/index.php\/wp-json\/wp\/v2\/tags?post=34"}],"curies":[{"name":"wp","href":"https:\/\/api.w.org\/{rel}","templated":true}]}}