{"id":348,"date":"2019-11-08T21:47:26","date_gmt":"2019-11-09T00:47:26","guid":{"rendered":"https:\/\/innovacionygestion.net\/?p=348"},"modified":"2019-11-08T21:47:26","modified_gmt":"2019-11-09T00:47:26","slug":"losada-presidio-la-celebracion-por-el-149-aniversario-de-la-ciudad","status":"publish","type":"post","link":"https:\/\/innovacionygestion.net\/index.php\/2019\/11\/08\/losada-presidio-la-celebracion-por-el-149-aniversario-de-la-ciudad\/","title":{"rendered":"Losada presidi\u00f3 la celebraci\u00f3n por el 149\u00b0 Aniversario de la ciudad."},"content":{"rendered":"<blockquote>\n<div dir=\"ltr\">\n<div dir=\"ltr\">\n<div>\n<div><span style=\"font-family: arial narrow, sans-serif; font-size: large;\">En conmemoraci\u00f3n a los &#8220;149 Aniversario de la \u00a0Fundaci\u00f3n de Posadas&#8221;, el intendente de Posadas, Joaqu\u00edn Losada, inaugur\u00f3 esta ma\u00f1ana en el boulevard de la avenida Mitre y Buenos Aires, el monumento &#8220;Memorial y Vestigios de la Trinchera de San Jos\u00e9&#8221;.\u00a0Antes de inaugurar el memorial, Losada, acompa\u00f1ado por la\u00a0 la directora del Archivo Hist\u00f3rico Municipal, Silvia G\u00f3mez, la\u00a0 antrop\u00f3loga, Ruth Poujade y el titular de Vialidad Provincial, Leonardo Stelatto, descubrieron una placa sobre la vereda de la calle Buenos Aires, donde hay vestigios de la Trinchera, descubierta en 1940 por el historiador Casiano Carballo. Junto al muro del Hogar de Ni\u00f1as Santa Teresita, a ras del suelo, pueden verse las piedras que fueron la base de la muralla que construyeron ocupantes militares paraguayos. Las que hoy est\u00e1n en el memorial fueron extra\u00eddas de la plazoleta sobre Avenida Mitre.<br \/>\n<\/span><\/div>\n<div><span style=\"font-family: arial narrow, sans-serif; font-size: large;\">La ceremonia tuvo como eje fundamental recuperar un aspecto de la memoria colectiva de nuestra ciudad y de muchas personas que contribuyeron a nuestro presente.<br \/>\n<\/span><\/div>\n<p><span style=\"font-family: arial narrow, sans-serif; font-size: large;\">Losada resalt\u00f3 la importancia de valorar la historia para construir el futuro de una sociedad. &#8220;Es importante para una ciudad recordar su historia, es imposible pensar presente o construir futuro, si no tenemos memoria de donde venimos y esa memoria es lo que fuimos.\u00a0Esta es una fecha trascendental, que ten\u00edamos que poner en valor y lo estamos haciendo en un lugar emblem\u00e1tico, que nos permiti\u00f3 recuperar parte de nuestra historia construyendo una r\u00e9plica de lo que fue la Trinchera de San Jos\u00e9 instal\u00e1ndola en la misma forma y direcci\u00f3n que se encontraba, que muchas veces, es el camino y direcci\u00f3n que necesitamos como ciudad, como comunidad y como sociedad. Posadas tiene sus or\u00edgenes en la Trinchera de San Jos\u00e9 y este monumento va a permitir recuperar nuestra historia, la memoria y poner en valor el d\u00eda de nuestra ciudad&#8221;, expres\u00f3 el titular del gobierno de la ciudad<\/span><\/p>\n<div>\n<div><span style=\"font-family: arial narrow, sans-serif; font-size: large;\"><br \/>\n\u201cEl 8 de noviembre de 1870 el Gobierno de la Provincia de Corrientes dict\u00f3 una ley en la cual ordenaba la creaci\u00f3n de Departamento de Candelaria y designaba al pueblo denominado por ese entonces Trinchera de San Jos\u00e9 , como sede de las autoridades departamentales.\u00a0Esta fecha fue reconocida muchos a\u00f1os despu\u00e9s por la Academia Nacional de Historia Argentina como la fecha oficial de la fundaci\u00f3n de la ciudad de Posadas, que en ese momento se llamaba Trinchera de San Jos\u00e9 y que cambi\u00f3 su denominaci\u00f3n un 8 de noviembre de 1870\u201d, explic\u00f3 G\u00f3mez..<\/span><\/div>\n<div><span style=\"font-family: arial narrow, sans-serif; font-size: large;\">\u00a0<\/span><\/div>\n<div><span style=\"font-family: arial narrow, sans-serif; font-size: large;\">La ceremonia cont\u00f3 con el acompa\u00f1amiento musical de la banda de M\u00fasica y la Orquesta municipal y con la participaci\u00f3n de miembros del gabinete municipal, concejales y autoridades provinciales.\u00a0<\/span><\/div>\n<\/div>\n<\/div>\n<\/div>\n<\/div>\n<\/blockquote>\n","protected":false},"excerpt":{"rendered":"<p>En conmemoraci\u00f3n a los &#8220;149 Aniversario de la \u00a0Fundaci\u00f3n de Posadas&#8221;, el intendente de Posadas,<\/p>\n","protected":false},"author":2,"featured_media":349,"comment_status":"open","ping_status":"open","sticky":false,"template":"","format":"standard","meta":{"footnotes":""},"categories":[2],"tags":[],"_links":{"self":[{"href":"https:\/\/innovacionygestion.net\/index.php\/wp-json\/wp\/v2\/posts\/348"}],"collection":[{"href":"https:\/\/innovacionygestion.net\/index.php\/wp-json\/wp\/v2\/posts"}],"about":[{"href":"https:\/\/innovacionygestion.net\/index.php\/wp-json\/wp\/v2\/types\/post"}],"author":[{"embeddable":true,"href":"https:\/\/innovacionygestion.net\/index.php\/wp-json\/wp\/v2\/users\/2"}],"replies":[{"embeddable":true,"href":"https:\/\/innovacionygestion.net\/index.php\/wp-json\/wp\/v2\/comments?post=348"}],"version-history":[{"count":1,"href":"https:\/\/innovacionygestion.net\/index.php\/wp-json\/wp\/v2\/posts\/348\/revisions"}],"predecessor-version":[{"id":350,"href":"https:\/\/innovacionygestion.net\/index.php\/wp-json\/wp\/v2\/posts\/348\/revisions\/350"}],"wp:featuredmedia":[{"embeddable":true,"href":"https:\/\/innovacionygestion.net\/index.php\/wp-json\/wp\/v2\/media\/349"}],"wp:attachment":[{"href":"https:\/\/innovacionygestion.net\/index.php\/wp-json\/wp\/v2\/media?parent=348"}],"wp:term":[{"taxonomy":"category","embeddable":true,"href":"https:\/\/innovacionygestion.net\/index.php\/wp-json\/wp\/v2\/categories?post=348"},{"taxonomy":"post_tag","embeddable":true,"href":"https:\/\/innovacionygestion.net\/index.php\/wp-json\/wp\/v2\/tags?post=348"}],"curies":[{"name":"wp","href":"https:\/\/api.w.org\/{rel}","templated":true}]}}