{"id":3636,"date":"2021-05-11T16:40:20","date_gmt":"2021-05-11T19:40:20","guid":{"rendered":"https:\/\/innovacionygestion.net\/?p=3636"},"modified":"2021-05-11T16:40:20","modified_gmt":"2021-05-11T19:40:20","slug":"convenio-entre-el-ips-y-caceres-barrios-para-cirugias-oculares","status":"publish","type":"post","link":"https:\/\/innovacionygestion.net\/index.php\/2021\/05\/11\/convenio-entre-el-ips-y-caceres-barrios-para-cirugias-oculares\/","title":{"rendered":"Convenio entre el IPS y C\u00e1ceres Barrios para cirug\u00edas oculares"},"content":{"rendered":"<p>Se realiz\u00f3 una firma de convenio entre el Instituto de Previsi\u00f3n Social de Misiones y el Dr. Gerardo C\u00e1ceres Barrios, oftalm\u00f3logo, para realizar Cirug\u00eda Refractiva con Excimer Laser Mel 80, y proporcionar los estudios preoperatorios y controles postoperatorios para los afiliados del IPS.<br \/>\nEl Presidente del IPS, Dr. Lisandro Benmaor, se\u00f1al\u00f3 la \u201cimportancia y trascendencia de ofrecer este servicio desde la obra social provincial, ya que significar\u00e1 un cambio y calidad de vida en los pacientes\u201d.<br \/>\nPor su parte C\u00e1ceres Barrios sostuvo que \u201cesta intervenci\u00f3n para diversas afecciones \u00f3pticas consiste en una cirug\u00eda muy corta y poco invasiva, con recuperaci\u00f3n inmediata, de mucha jerarqu\u00eda para la salud visual\u201d.<br \/>\nFinalmente el Dr. Mario Barrera, Coordinador del Nodo Central de Calidad en Servicios de Salud, dijo que \u201ceste convenio va a beneficiar y brindar bienestar a mucha gente\u201d.<\/p>\n","protected":false},"excerpt":{"rendered":"<p>Se realiz\u00f3 una firma de convenio entre el Instituto de Previsi\u00f3n Social de Misiones y<\/p>\n","protected":false},"author":2,"featured_media":3637,"comment_status":"open","ping_status":"open","sticky":false,"template":"","format":"standard","meta":{"footnotes":""},"categories":[13],"tags":[],"_links":{"self":[{"href":"https:\/\/innovacionygestion.net\/index.php\/wp-json\/wp\/v2\/posts\/3636"}],"collection":[{"href":"https:\/\/innovacionygestion.net\/index.php\/wp-json\/wp\/v2\/posts"}],"about":[{"href":"https:\/\/innovacionygestion.net\/index.php\/wp-json\/wp\/v2\/types\/post"}],"author":[{"embeddable":true,"href":"https:\/\/innovacionygestion.net\/index.php\/wp-json\/wp\/v2\/users\/2"}],"replies":[{"embeddable":true,"href":"https:\/\/innovacionygestion.net\/index.php\/wp-json\/wp\/v2\/comments?post=3636"}],"version-history":[{"count":1,"href":"https:\/\/innovacionygestion.net\/index.php\/wp-json\/wp\/v2\/posts\/3636\/revisions"}],"predecessor-version":[{"id":3638,"href":"https:\/\/innovacionygestion.net\/index.php\/wp-json\/wp\/v2\/posts\/3636\/revisions\/3638"}],"wp:featuredmedia":[{"embeddable":true,"href":"https:\/\/innovacionygestion.net\/index.php\/wp-json\/wp\/v2\/media\/3637"}],"wp:attachment":[{"href":"https:\/\/innovacionygestion.net\/index.php\/wp-json\/wp\/v2\/media?parent=3636"}],"wp:term":[{"taxonomy":"category","embeddable":true,"href":"https:\/\/innovacionygestion.net\/index.php\/wp-json\/wp\/v2\/categories?post=3636"},{"taxonomy":"post_tag","embeddable":true,"href":"https:\/\/innovacionygestion.net\/index.php\/wp-json\/wp\/v2\/tags?post=3636"}],"curies":[{"name":"wp","href":"https:\/\/api.w.org\/{rel}","templated":true}]}}