{"id":3655,"date":"2021-05-18T09:26:42","date_gmt":"2021-05-18T12:26:42","guid":{"rendered":"https:\/\/innovacionygestion.net\/?p=3655"},"modified":"2021-05-18T09:26:42","modified_gmt":"2021-05-18T12:26:42","slug":"ifai-y-vicegobernacion-entregaron-tractores-e-insumos-en-gobernador-roca","status":"publish","type":"post","link":"https:\/\/innovacionygestion.net\/index.php\/2021\/05\/18\/ifai-y-vicegobernacion-entregaron-tractores-e-insumos-en-gobernador-roca\/","title":{"rendered":"IFAI y Vicegobernaci\u00f3n entregaron tractores e insumos en Gobernador Roca"},"content":{"rendered":"<div dir=\"auto\">El Instituto de Fomento Agropecuario e Industrial, (IFAI) contin\u00faa con la entrega de unidades 0 km y equipamientos agr\u00edcolas, en el marco del programa PLAN TRACTOR, en esta ocasi\u00f3n en el municipio de Gobernador Roca.<\/div>\n<div dir=\"auto\">La actividad se desarroll\u00f3 en la chacra del productor Luis Simonetti, y cont\u00f3 con la presencia del Vicegobernador de la provincia Dr. Carlos Arce, el presidente del IFAI, Cr. Marcelo Rodr\u00edguez y el intendente local, Rosendo Lukowski.<\/div>\n<div dir=\"auto\">En el lugar, durante una emotiva reuni\u00f3n de trabajo, las autoridades hicieron entrega de las nuevas unidades e insumos a productores de la zona.<\/div>\n<div dir=\"auto\">En este contexto, el vicegobernador, Dr. Carlos Arce explic\u00f3, que, es importante la continuidad de este Plan Tractor, que ya lleva una significativa cantidad de entregadas. \u201cHemos estado en lugares muy profundos de la provincia llevando estas herramientas y compartiendo con el productor misionero, el compromiso conjunto que tenemos\u201d. Y agreg\u00f3, \u201cMisiones ha sufrido con la pandemia, sequ\u00edas, inundaciones e incendios, pero el productor misionero sigui\u00f3. Es por eso, que desde el Gobierno respondemos con esto, un plan tractor e insumos, que es \u00fanico en el pa\u00eds\u201d.<\/div>\n<div dir=\"auto\">Adem\u00e1s, el beneficiario de uno de los tractores, Luis Simonetti coment\u00f3: \u201ccon mi familia nos dedicamos al cultivo de jengibre, c\u00farcuma y moringa, entre otras cosas. Hace m\u00e1s de 15 a\u00f1os que venimos trabajando y la verdad que recibir esto es m\u00e1s que solo un tractor, es la posibilidad de crecimiento y m\u00e1s trabajo\u201d.<\/div>\n<div dir=\"auto\">Y a\u00f1adi\u00f3, \u201cpara el cultivo de jengibre necesit\u00e1bamos un veh\u00edculo chico, para trabajar dentro de las medias sombras y tirar del rotovator. La verdad, contar con estos cr\u00e9ditos es una gran oportunidad, porque adquirir este tractor de otra forma, es algo muy costoso.\u201d<\/div>\n<div dir=\"auto\">Por otra parte, Juan Carlos Pereta, presidente de la Cooperativa Agr\u00edcola y Agropecuaria Colonias Unidas se\u00f1al\u00f3 que contar con esta m\u00e1quina nueva de alt\u00edsima tecnolog\u00eda, va a permitir un mejor trabajo en su secadero de yerba mate. \u201cEsto hace que el trabajo sea m\u00e1s \u00e1gil y r\u00e1pido. Acceder a esta m\u00e1quina de otra forma seria impagable. Porque la financiaci\u00f3n es absolutamente viable\u201d, subray\u00f3.<\/div>\n<div dir=\"auto\">A su vez, el intendente Lukowski dijo estar \u201cmuy agradecido con el Gobierno por elegir su pueblo para venir a compartir la entrega de estas maquinarias, e insumos tan importantes para los colonos, que son los que est\u00e1n trabajando d\u00eda a d\u00eda nuestra tierra\u201d.\u00a0 Al mismo tiempo, acentu\u00f3: \u201cyo recuerdo que desde el 2003 esta gran Renovaci\u00f3n est\u00e1 cerca de cada familia, de cada agricultor, o sea, esto no es casual, hace mucho tiempo se est\u00e1 trabajando y estamos cerca de la gente con la dirigencia y acompa\u00f1amiento del Ing. Carlos Rovira\u201d.<\/div>\n<div dir=\"auto\">Al finalizar, el Cr, Rodr\u00edguez sostuvo que, \u201cdesde el IFAI, estamos siempre fomentando el desarrollo de la econom\u00eda local y productiva. Tecnificando el agro y tratando de arraigar a los j\u00f3venes en las chacras,\u00a0 para que puedan seguir haciendo algo tan importante, como es la producci\u00f3n de alimentos. Le estamos brindando la posibilidad al productor \u2013al otorgarle\u00a0 la herramienta- para que siga trabajando la tierra, produciendo y criando animales\u201d.<\/div>\n<div dir=\"auto\">Tambi\u00e9n estuvieron presentes, la intendente de Santo Pipo, Mabel C\u00e1ceres, Karen Fiege, subsecretaria de Cambio Clim\u00e1tico, directora del IFAI, Rosana Arg\u00fcello, la diputada provincial Liliana Rodr\u00edguez, y el Concejal Boichuk Roberto de General Alvear.<\/div>\n","protected":false},"excerpt":{"rendered":"<p>El Instituto de Fomento Agropecuario e Industrial, (IFAI) contin\u00faa con la entrega de unidades 0<\/p>\n","protected":false},"author":2,"featured_media":3656,"comment_status":"open","ping_status":"open","sticky":false,"template":"","format":"standard","meta":{"footnotes":""},"categories":[24],"tags":[],"_links":{"self":[{"href":"https:\/\/innovacionygestion.net\/index.php\/wp-json\/wp\/v2\/posts\/3655"}],"collection":[{"href":"https:\/\/innovacionygestion.net\/index.php\/wp-json\/wp\/v2\/posts"}],"about":[{"href":"https:\/\/innovacionygestion.net\/index.php\/wp-json\/wp\/v2\/types\/post"}],"author":[{"embeddable":true,"href":"https:\/\/innovacionygestion.net\/index.php\/wp-json\/wp\/v2\/users\/2"}],"replies":[{"embeddable":true,"href":"https:\/\/innovacionygestion.net\/index.php\/wp-json\/wp\/v2\/comments?post=3655"}],"version-history":[{"count":1,"href":"https:\/\/innovacionygestion.net\/index.php\/wp-json\/wp\/v2\/posts\/3655\/revisions"}],"predecessor-version":[{"id":3657,"href":"https:\/\/innovacionygestion.net\/index.php\/wp-json\/wp\/v2\/posts\/3655\/revisions\/3657"}],"wp:featuredmedia":[{"embeddable":true,"href":"https:\/\/innovacionygestion.net\/index.php\/wp-json\/wp\/v2\/media\/3656"}],"wp:attachment":[{"href":"https:\/\/innovacionygestion.net\/index.php\/wp-json\/wp\/v2\/media?parent=3655"}],"wp:term":[{"taxonomy":"category","embeddable":true,"href":"https:\/\/innovacionygestion.net\/index.php\/wp-json\/wp\/v2\/categories?post=3655"},{"taxonomy":"post_tag","embeddable":true,"href":"https:\/\/innovacionygestion.net\/index.php\/wp-json\/wp\/v2\/tags?post=3655"}],"curies":[{"name":"wp","href":"https:\/\/api.w.org\/{rel}","templated":true}]}}