{"id":3713,"date":"2021-06-01T10:36:12","date_gmt":"2021-06-01T13:36:12","guid":{"rendered":"https:\/\/innovacionygestion.net\/?p=3713"},"modified":"2021-06-01T10:36:12","modified_gmt":"2021-06-01T13:36:12","slug":"marandu-continua-avanzando-con-el-programa-de-conectividad-en-comunidades-guaranies","status":"publish","type":"post","link":"https:\/\/innovacionygestion.net\/index.php\/2021\/06\/01\/marandu-continua-avanzando-con-el-programa-de-conectividad-en-comunidades-guaranies\/","title":{"rendered":"Marandu contin\u00faa avanzando con el programa de conectividad en comunidades guaran\u00edes"},"content":{"rendered":"<p class=\"x_MsoNormal\"><span lang=\"ES-MX\">Inserta en uno de los parajes de Ruiz de Montoya se encuentra la comunidad Ambay Poty, hasta ah\u00ed lleg\u00f3 Marandu Comunicaciones S. E. para concretar la conectividad de otra aldea mbya guaran\u00ed, continuando as\u00ed con su programa de inclusi\u00f3n digital.<\/span><\/p>\n<p class=\"x_MsoNormal\"><span lang=\"ES-MX\">Para el cacique Francisco Ben\u00edtez contar con su Tekoa conectada era una prioridad, y ahora es una anhelo concretado. As\u00ed se lo manifest\u00f3 al presidente de Marandu Comunicaciones, Alberto Alvez, quien visit\u00f3 la comunidad acompa\u00f1ado de la subsecretaria de Cambio Clim\u00e1tico, Karen Fiege, y el proveedor ISP local Cristian Schmidel.<\/span><\/p>\n<p class=\"x_MsoNormal\"><span lang=\"ES-MX\">Schmidel, por su parte, resalt\u00f3 la importancia del trabajo articulado p\u00fablico-privado, destacando la pol\u00edtica del Gobierno Provincial a trav\u00e9s de Marandu Comunicaciones, para desarrollar y fortalecer a emprendedores y pymes locales como prestadores de ISP.<\/span><\/p>\n<p><span lang=\"ES-MX\">Finalmente, Alvez explic\u00f3 que para la empresa provincial de telecomunicaciones es fundamental seguir avanzando con el plan de conectividad de comunidades guaran\u00edes, facilitando la comunicaci\u00f3n y el desarrollo de otros servicios paralelos que trae aparejado el trabajo que Marandu lleva a cabo.<\/span><\/p>\n","protected":false},"excerpt":{"rendered":"<p>Inserta en uno de los parajes de Ruiz de Montoya se encuentra la comunidad Ambay<\/p>\n","protected":false},"author":2,"featured_media":3714,"comment_status":"open","ping_status":"open","sticky":false,"template":"","format":"standard","meta":{"footnotes":""},"categories":[9],"tags":[],"_links":{"self":[{"href":"https:\/\/innovacionygestion.net\/index.php\/wp-json\/wp\/v2\/posts\/3713"}],"collection":[{"href":"https:\/\/innovacionygestion.net\/index.php\/wp-json\/wp\/v2\/posts"}],"about":[{"href":"https:\/\/innovacionygestion.net\/index.php\/wp-json\/wp\/v2\/types\/post"}],"author":[{"embeddable":true,"href":"https:\/\/innovacionygestion.net\/index.php\/wp-json\/wp\/v2\/users\/2"}],"replies":[{"embeddable":true,"href":"https:\/\/innovacionygestion.net\/index.php\/wp-json\/wp\/v2\/comments?post=3713"}],"version-history":[{"count":1,"href":"https:\/\/innovacionygestion.net\/index.php\/wp-json\/wp\/v2\/posts\/3713\/revisions"}],"predecessor-version":[{"id":3715,"href":"https:\/\/innovacionygestion.net\/index.php\/wp-json\/wp\/v2\/posts\/3713\/revisions\/3715"}],"wp:featuredmedia":[{"embeddable":true,"href":"https:\/\/innovacionygestion.net\/index.php\/wp-json\/wp\/v2\/media\/3714"}],"wp:attachment":[{"href":"https:\/\/innovacionygestion.net\/index.php\/wp-json\/wp\/v2\/media?parent=3713"}],"wp:term":[{"taxonomy":"category","embeddable":true,"href":"https:\/\/innovacionygestion.net\/index.php\/wp-json\/wp\/v2\/categories?post=3713"},{"taxonomy":"post_tag","embeddable":true,"href":"https:\/\/innovacionygestion.net\/index.php\/wp-json\/wp\/v2\/tags?post=3713"}],"curies":[{"name":"wp","href":"https:\/\/api.w.org\/{rel}","templated":true}]}}