{"id":3716,"date":"2021-06-03T11:35:15","date_gmt":"2021-06-03T14:35:15","guid":{"rendered":"https:\/\/innovacionygestion.net\/?p=3716"},"modified":"2021-06-03T11:35:15","modified_gmt":"2021-06-03T14:35:15","slug":"ifai-firmo-convenio-y-entrego-equipamientos-industriales-para-la-primera-panaderia-solidaria-de-la-policia","status":"publish","type":"post","link":"https:\/\/innovacionygestion.net\/index.php\/2021\/06\/03\/ifai-firmo-convenio-y-entrego-equipamientos-industriales-para-la-primera-panaderia-solidaria-de-la-policia\/","title":{"rendered":"IFAI firm\u00f3 convenio y entreg\u00f3 equipamientos industriales para la primera panader\u00eda solidaria de la Polic\u00eda"},"content":{"rendered":"<div dir=\"auto\">El Instituto de Fomento Agropecuario e Industrial, (IFAI) otorg\u00f3 equipamientos para la puesta en funcionamiento de la primera Panader\u00eda Policial Solidaria e Inclusiva en la capital misionera.<\/div>\n<div dir=\"auto\">La actividad se desarroll\u00f3 en la Universidad de las Fuerzas de Seguridad de la Provincia de Misiones y cont\u00f3 con la presencia del Dr. Ariel Marinoni, Subsecretario de Seguridad y Justicia de la provincia, el Dip. Mart\u00edn Cesino, y el Jefe de Polic\u00eda de la Provincia Comisario Gral. Carlos Miguel Merlo.<\/div>\n<div dir=\"auto\">Adem\u00e1s, en esta oportunidad el presidente del IFAI, Cr. Marcelo Rodr\u00edguez y el Ministro de Gobierno provincial, Dr. Marcelo Gabriel P\u00e9rez, llevaron a cabo la firma de un convenio marco de colaboraci\u00f3n, con el fin de trabajar en manera conjunta, cumpliendo sus objetivos en forma efectiva y generando una eficiente utilizaci\u00f3n de los recursos humanos, financieros y de infraestructura.<\/div>\n<div dir=\"auto\">En este contexto, el Ministro P\u00e9rez explic\u00f3 que \u201cLo de la panader\u00eda era un proyecto que ten\u00edamos en carpeta hace un tiempo. La idea es brindar un producto de calidad a las fuerzas de seguridad a un precio por debajo al del mercado, al costo, para que no pueda faltar en la mesa de manera m\u00e1s justa, equitativa y econ\u00f3mica aspirando a replicar esto en el resto de la provincia\u201d.<\/div>\n<div dir=\"auto\">Asimismo, la oficial ayudante nutricionista de las fuerzas de seguridad Lic. Yesika Marina Pedrozo indic\u00f3 que esta iniciativa surge del anhelo de ir sumando beneficios para nuestros polic\u00edas, de cara a la cuesti\u00f3n nutricional.<\/div>\n<div dir=\"auto\">\u201cA trav\u00e9s de estas medidas se pueden fortalecer las conductas saludables en nuestras fuerzas de seguridad, mejorando el rendimiento f\u00edsico an\u00edmico y laboral, con la particularidad de incluir en el proceso opciones los que son cel\u00edacos\u201d, subray\u00f3 la licenciada.<\/div>\n<div dir=\"auto\">A su vez, el Secretario T\u00e9cnico Ejecutivo del Plan Estrat\u00e9gico Posadas 2022, Horacio Mart\u00ednez destac\u00f3: \u201ceste convenio que se articula con el IFAI, permite que el municipio no solamente habilite esta panader\u00eda, sino que tambi\u00e9n le brinde la capacitaci\u00f3n a quienes van a trabajar en la misma, y desde el aspecto bromatol\u00f3gico colaborar con las medidas de higiene y seguridad de todo lo elaborado\u201d.<\/div>\n<div dir=\"auto\">Al finalizar, el Cr. Rodr\u00edguez remarc\u00f3: \u201ccon el Ministerio de Gobierno venimos desarrollando un trabajo planificado, silencioso pero muy efectivo, que ha permitido otorgarle hoy equipamiento industrial a la Polic\u00eda de Misiones para que concrete un proyecto muy anhelado: una panader\u00eda solidaria e inclusiva\u201d.<\/div>\n<div dir=\"auto\">Y agreg\u00f3 que: \u201cEl objetivo es justamente brindar productos panificados a los activos y a los retirados de la Polic\u00eda, as\u00ed como productos para los cel\u00edacos, ayudando a cuidar la econom\u00eda dom\u00e9stica en las fuerzas, adem\u00e1s de generar puestos de trabajo\u201d.<\/div>\n<div dir=\"auto\">Tambi\u00e9n estuvieron presentes el Director general de FoCaDe, Crio. Gral. Omar L\u00f3pez y Agust\u00edn Lagrado, Director de Econom\u00eda y Finanzas de una Universidad de las Fuerzas de Seguridad, entre otras autoridades.<\/div>\n","protected":false},"excerpt":{"rendered":"<p>El Instituto de Fomento Agropecuario e Industrial, (IFAI) otorg\u00f3 equipamientos para la puesta en funcionamiento<\/p>\n","protected":false},"author":2,"featured_media":3717,"comment_status":"open","ping_status":"open","sticky":false,"template":"","format":"standard","meta":{"footnotes":""},"categories":[24],"tags":[],"_links":{"self":[{"href":"https:\/\/innovacionygestion.net\/index.php\/wp-json\/wp\/v2\/posts\/3716"}],"collection":[{"href":"https:\/\/innovacionygestion.net\/index.php\/wp-json\/wp\/v2\/posts"}],"about":[{"href":"https:\/\/innovacionygestion.net\/index.php\/wp-json\/wp\/v2\/types\/post"}],"author":[{"embeddable":true,"href":"https:\/\/innovacionygestion.net\/index.php\/wp-json\/wp\/v2\/users\/2"}],"replies":[{"embeddable":true,"href":"https:\/\/innovacionygestion.net\/index.php\/wp-json\/wp\/v2\/comments?post=3716"}],"version-history":[{"count":1,"href":"https:\/\/innovacionygestion.net\/index.php\/wp-json\/wp\/v2\/posts\/3716\/revisions"}],"predecessor-version":[{"id":3718,"href":"https:\/\/innovacionygestion.net\/index.php\/wp-json\/wp\/v2\/posts\/3716\/revisions\/3718"}],"wp:featuredmedia":[{"embeddable":true,"href":"https:\/\/innovacionygestion.net\/index.php\/wp-json\/wp\/v2\/media\/3717"}],"wp:attachment":[{"href":"https:\/\/innovacionygestion.net\/index.php\/wp-json\/wp\/v2\/media?parent=3716"}],"wp:term":[{"taxonomy":"category","embeddable":true,"href":"https:\/\/innovacionygestion.net\/index.php\/wp-json\/wp\/v2\/categories?post=3716"},{"taxonomy":"post_tag","embeddable":true,"href":"https:\/\/innovacionygestion.net\/index.php\/wp-json\/wp\/v2\/tags?post=3716"}],"curies":[{"name":"wp","href":"https:\/\/api.w.org\/{rel}","templated":true}]}}