{"id":3946,"date":"2021-08-10T11:43:44","date_gmt":"2021-08-10T14:43:44","guid":{"rendered":"https:\/\/innovacionygestion.net\/?p=3946"},"modified":"2021-08-10T11:43:44","modified_gmt":"2021-08-10T14:43:44","slug":"en-pozo-azul-el-ifai-entrego-asistencia-financiera-a-cooperativa-agricola","status":"publish","type":"post","link":"https:\/\/innovacionygestion.net\/index.php\/2021\/08\/10\/en-pozo-azul-el-ifai-entrego-asistencia-financiera-a-cooperativa-agricola\/","title":{"rendered":"En Pozo Azul, el IFAI entreg\u00f3 asistencia financiera a Cooperativa Agr\u00edcola\u00a0"},"content":{"rendered":"<div dir=\"auto\">El Instituto de Fomento Agropecuario e Industrial, (IFAI) entreg\u00f3 una asistencia financiera a la Cooperativa Agr\u00edcola Trabajadores Unidos Ruta 20, del Municipio de Pozo Azul.<\/div>\n<div dir=\"auto\">Fue durante una reuni\u00f3n de trabajo en las instalaciones de la Cooperativa, que cont\u00f3 con la presencia de su presidente, Eugenio Leste, el intente local, Edgar Gonz\u00e1lez y el presidente del IFAI, Cr. Marcelo Rodr\u00edguez.<\/div>\n<div dir=\"auto\">En la oportunidad, desde el IFAI se otorg\u00f3 una asistencia para la compra de insumos que se emplear\u00e1n en la sala de elaboraci\u00f3n de dulces artesanales.<\/div>\n<div dir=\"auto\">En este sentido, Eugenio Leste expres\u00f3: \u201cdecidimos hacer esta peque\u00f1a sala industrial para que funcione nuestra cocina de elaboraci\u00f3n de dulces artesanales. Gracias a este aporte del IFAI vamos a poder completar la obra y comprar las cosas que nos hacen falta\u201d.<\/div>\n<div dir=\"auto\">Adem\u00e1s, el intendente Edgar Gonz\u00e1lez, agradeci\u00f3 este aporte para la Cooperativa Ruta 20. \u201cEsto viene bien para su sala de industria, estas medidas est\u00e1n demostrando el compromiso y acompa\u00f1amiento que le dan a los productores, para que pr\u00f3ximamente puedan estar en el Mercado Concentrador zonal de Eldorado\u201d.<\/div>\n<div dir=\"auto\">Por su parte, el Cr. Rodr\u00edguez declar\u00f3: \u201cestas actividades forman parte del trabajo comprometido que viene realizando el Gobierno Provincial, acompa\u00f1ando al sector productivo, generando trabajo y desarrollo econ\u00f3mico local.\u201d<\/div>\n","protected":false},"excerpt":{"rendered":"<p>El Instituto de Fomento Agropecuario e Industrial, (IFAI) entreg\u00f3 una asistencia financiera a la Cooperativa<\/p>\n","protected":false},"author":2,"featured_media":3947,"comment_status":"open","ping_status":"open","sticky":false,"template":"","format":"standard","meta":{"footnotes":""},"categories":[24],"tags":[],"_links":{"self":[{"href":"https:\/\/innovacionygestion.net\/index.php\/wp-json\/wp\/v2\/posts\/3946"}],"collection":[{"href":"https:\/\/innovacionygestion.net\/index.php\/wp-json\/wp\/v2\/posts"}],"about":[{"href":"https:\/\/innovacionygestion.net\/index.php\/wp-json\/wp\/v2\/types\/post"}],"author":[{"embeddable":true,"href":"https:\/\/innovacionygestion.net\/index.php\/wp-json\/wp\/v2\/users\/2"}],"replies":[{"embeddable":true,"href":"https:\/\/innovacionygestion.net\/index.php\/wp-json\/wp\/v2\/comments?post=3946"}],"version-history":[{"count":1,"href":"https:\/\/innovacionygestion.net\/index.php\/wp-json\/wp\/v2\/posts\/3946\/revisions"}],"predecessor-version":[{"id":3948,"href":"https:\/\/innovacionygestion.net\/index.php\/wp-json\/wp\/v2\/posts\/3946\/revisions\/3948"}],"wp:featuredmedia":[{"embeddable":true,"href":"https:\/\/innovacionygestion.net\/index.php\/wp-json\/wp\/v2\/media\/3947"}],"wp:attachment":[{"href":"https:\/\/innovacionygestion.net\/index.php\/wp-json\/wp\/v2\/media?parent=3946"}],"wp:term":[{"taxonomy":"category","embeddable":true,"href":"https:\/\/innovacionygestion.net\/index.php\/wp-json\/wp\/v2\/categories?post=3946"},{"taxonomy":"post_tag","embeddable":true,"href":"https:\/\/innovacionygestion.net\/index.php\/wp-json\/wp\/v2\/tags?post=3946"}],"curies":[{"name":"wp","href":"https:\/\/api.w.org\/{rel}","templated":true}]}}