{"id":4130,"date":"2021-09-03T07:49:42","date_gmt":"2021-09-03T10:49:42","guid":{"rendered":"https:\/\/innovacionygestion.net\/?p=4130"},"modified":"2021-09-03T07:49:42","modified_gmt":"2021-09-03T10:49:42","slug":"el-ifai-entrego-plantines-e-insumos-a-productores-horticolas-de-la-zona-norte","status":"publish","type":"post","link":"https:\/\/innovacionygestion.net\/index.php\/2021\/09\/03\/el-ifai-entrego-plantines-e-insumos-a-productores-horticolas-de-la-zona-norte\/","title":{"rendered":"El IFAI entreg\u00f3 plantines e Insumos a productores hort\u00edcolas de la zona Norte."},"content":{"rendered":"<p>El Instituto de Fomento Agropecuario e Industrial (IFAI), entreg\u00f3 insumos y plantines a productores hort\u00edcolas de la zona Norte. La actividad tuvo lugar en las instalaciones del futuro Mercado Concentrador Zonal de Eldorado, all\u00ed estuvieron presentes: el intendente local, Fabio Mart\u00ednez; el presidente del IFAI, Cr. Marcelo Rodr\u00edguez, el ministro de Salud P\u00fablica, Oscar Alarc\u00f3n y el intendente de Ober\u00e1, Dr. Carlos Fern\u00e1ndez.<br \/>\nEn esta ocasi\u00f3n, las autoridades destacaron que estos beneficios (kit de herramientas, invern\u00e1culos, plantines y alimentos balanceados) apuntan a reforzar esta zona productiva, para garantizar el stock del futuro Mercado Concentrador.<br \/>\nEn este contexto, el productor \u00c1ngel Rodr\u00edguez coment\u00f3 que hace 3 a\u00f1os se dedica a la producci\u00f3n hort\u00edcola.<br \/>\n\u201cActualmente tengo plantaciones de r\u00facula, lechuga, r\u00e1bano y estoy empezando con las frutas de estaci\u00f3n. Para nosotros es algo impresionante saber que vamos a contar con este espacio para vender nuestros productos directamente&#8221;.<br \/>\n\u201cEn mi caso yo estoy a 30 minutos del Mercado y esto para alguien que viene de la chacra es muy valioso, porque nos facilita un mont\u00f3n de cosas\u201d, se\u00f1al\u00f3.<br \/>\nAsimismo, el Dr. Carlos Fern\u00e1ndez indic\u00f3: \u201cEsto es posible gracias al gran equipo de trabajo que acompa\u00f1a al Gobernador de nuestra provincia y del proyecto Misionerista que es de cada uno de ustedes. Este mercado ser\u00e1 el lugar donde se va a exhibir el fruto del trabajo de cada uno de nuestros productores\u201d.<br \/>\nAdem\u00e1s, el beneficiario Pedro Dosanjos dijo estar muy contento por el espacio que va a tener dentro del Mercado. \u201cAntes no ten\u00eda donde vender mi producci\u00f3n de tomate, lechuga, repollo y otras hortalizas. Esto es muy importante porque tambi\u00e9n nos est\u00e1n asistiendo con plantines para reforzar lo que tenemos en nuestras chacras\u201d, remarc\u00f3.<br \/>\nPor su parte, el Cr Rodr\u00edguez declar\u00f3: \u201cEstamos entregando plantines e insumos para productores de 10 localidades diferentes, d\u00f3nde pronto funcionar\u00e1 el MCZ de Eldorado, obra que est\u00e1 en su etapa de conclusi\u00f3n y que ser\u00e1 un importante polo productivo en el Norte Misionero\u201d.<br \/>\nEn el lugar tambi\u00e9n estuvieron presentes, el Coordinador de los Mercados Concentradores Zonales, Marcelo Oru\u00e9 y Carmen M\u00e9ndez Ason, subsecretaria de Planificaci\u00f3n P\u00fablica de la provincia, entre otras autoridades.<\/p>\n","protected":false},"excerpt":{"rendered":"<p>El Instituto de Fomento Agropecuario e Industrial (IFAI), entreg\u00f3 insumos y plantines a productores hort\u00edcolas<\/p>\n","protected":false},"author":2,"featured_media":4131,"comment_status":"open","ping_status":"open","sticky":false,"template":"","format":"standard","meta":{"footnotes":""},"categories":[24],"tags":[],"_links":{"self":[{"href":"https:\/\/innovacionygestion.net\/index.php\/wp-json\/wp\/v2\/posts\/4130"}],"collection":[{"href":"https:\/\/innovacionygestion.net\/index.php\/wp-json\/wp\/v2\/posts"}],"about":[{"href":"https:\/\/innovacionygestion.net\/index.php\/wp-json\/wp\/v2\/types\/post"}],"author":[{"embeddable":true,"href":"https:\/\/innovacionygestion.net\/index.php\/wp-json\/wp\/v2\/users\/2"}],"replies":[{"embeddable":true,"href":"https:\/\/innovacionygestion.net\/index.php\/wp-json\/wp\/v2\/comments?post=4130"}],"version-history":[{"count":1,"href":"https:\/\/innovacionygestion.net\/index.php\/wp-json\/wp\/v2\/posts\/4130\/revisions"}],"predecessor-version":[{"id":4132,"href":"https:\/\/innovacionygestion.net\/index.php\/wp-json\/wp\/v2\/posts\/4130\/revisions\/4132"}],"wp:featuredmedia":[{"embeddable":true,"href":"https:\/\/innovacionygestion.net\/index.php\/wp-json\/wp\/v2\/media\/4131"}],"wp:attachment":[{"href":"https:\/\/innovacionygestion.net\/index.php\/wp-json\/wp\/v2\/media?parent=4130"}],"wp:term":[{"taxonomy":"category","embeddable":true,"href":"https:\/\/innovacionygestion.net\/index.php\/wp-json\/wp\/v2\/categories?post=4130"},{"taxonomy":"post_tag","embeddable":true,"href":"https:\/\/innovacionygestion.net\/index.php\/wp-json\/wp\/v2\/tags?post=4130"}],"curies":[{"name":"wp","href":"https:\/\/api.w.org\/{rel}","templated":true}]}}