{"id":4190,"date":"2021-09-15T07:38:56","date_gmt":"2021-09-15T10:38:56","guid":{"rendered":"https:\/\/innovacionygestion.net\/?p=4190"},"modified":"2021-09-15T07:38:56","modified_gmt":"2021-09-15T10:38:56","slug":"festejos-el-21-en-costa-sur-y-el-brete","status":"publish","type":"post","link":"https:\/\/innovacionygestion.net\/index.php\/2021\/09\/15\/festejos-el-21-en-costa-sur-y-el-brete\/","title":{"rendered":"Festejos el 21 en Costa Sur y El Brete"},"content":{"rendered":"<div class=\"o9v6fnle cxmmr5t8 oygrvhab hcukyx3x c1et5uql ii04i59q\">\n<div dir=\"auto\">El 21 de Septiembre en el Balneario Costa Sur y El Brete vamos a recibir la primavera en la playa con un mont\u00f3n de actividades <span class=\"pq6dq46d tbxw36s4 knj5qynh kvgmc6g5 ditlmg2l oygrvhab nvdbi5me sf5mxxl7 gl3lb2sf hhz5lgdu\"><img loading=\"lazy\" decoding=\"async\" src=\"https:\/\/static.xx.fbcdn.net\/images\/emoji.php\/v9\/t6d\/1\/16\/1f973.png\" alt=\"\ud83e\udd73\" width=\"16\" height=\"16\" \/><\/span> Preparate para disfrutar de actividades deportivas, shows en vivo, sorteos, peluquer\u00eda m\u00f3vil, \u00a1y mucho m\u00e1s!<\/div>\n<\/div>\n<div class=\"o9v6fnle cxmmr5t8 oygrvhab hcukyx3x c1et5uql ii04i59q\">\n<div dir=\"auto\">Distrut\u00e1 el d\u00eda del estudiante y la estaci\u00f3n m\u00e1s linda del a\u00f1o con nosotros \u00a1Te esperamos de 15 a 19 horas!<\/div>\n<div dir=\"auto\"><img loading=\"lazy\" decoding=\"async\" class=\"alignnone size-medium wp-image-4192\" src=\"https:\/\/innovacionygestion.net\/wp-content\/uploads\/2021\/09\/muni-2109-01-300x300.png\" alt=\"\" width=\"300\" height=\"300\" srcset=\"https:\/\/innovacionygestion.net\/wp-content\/uploads\/2021\/09\/muni-2109-01-300x300.png 300w, https:\/\/innovacionygestion.net\/wp-content\/uploads\/2021\/09\/muni-2109-01-150x150.png 150w, https:\/\/innovacionygestion.net\/wp-content\/uploads\/2021\/09\/muni-2109-01-50x50.png 50w, https:\/\/innovacionygestion.net\/wp-content\/uploads\/2021\/09\/muni-2109-01.png 600w\" sizes=\"(max-width: 300px) 100vw, 300px\" \/><img loading=\"lazy\" decoding=\"async\" class=\"alignnone size-medium wp-image-4193\" src=\"https:\/\/innovacionygestion.net\/wp-content\/uploads\/2021\/09\/muni-2109-02-300x300.png\" alt=\"\" width=\"300\" height=\"300\" srcset=\"https:\/\/innovacionygestion.net\/wp-content\/uploads\/2021\/09\/muni-2109-02-300x300.png 300w, https:\/\/innovacionygestion.net\/wp-content\/uploads\/2021\/09\/muni-2109-02-150x150.png 150w, https:\/\/innovacionygestion.net\/wp-content\/uploads\/2021\/09\/muni-2109-02-50x50.png 50w, https:\/\/innovacionygestion.net\/wp-content\/uploads\/2021\/09\/muni-2109-02.png 600w\" sizes=\"(max-width: 300px) 100vw, 300px\" \/><\/div>\n<\/div>\n","protected":false},"excerpt":{"rendered":"<p>El 21 de Septiembre en el Balneario Costa Sur y El Brete vamos a recibir<\/p>\n","protected":false},"author":2,"featured_media":4191,"comment_status":"open","ping_status":"open","sticky":false,"template":"","format":"standard","meta":{"footnotes":""},"categories":[28],"tags":[],"_links":{"self":[{"href":"https:\/\/innovacionygestion.net\/index.php\/wp-json\/wp\/v2\/posts\/4190"}],"collection":[{"href":"https:\/\/innovacionygestion.net\/index.php\/wp-json\/wp\/v2\/posts"}],"about":[{"href":"https:\/\/innovacionygestion.net\/index.php\/wp-json\/wp\/v2\/types\/post"}],"author":[{"embeddable":true,"href":"https:\/\/innovacionygestion.net\/index.php\/wp-json\/wp\/v2\/users\/2"}],"replies":[{"embeddable":true,"href":"https:\/\/innovacionygestion.net\/index.php\/wp-json\/wp\/v2\/comments?post=4190"}],"version-history":[{"count":1,"href":"https:\/\/innovacionygestion.net\/index.php\/wp-json\/wp\/v2\/posts\/4190\/revisions"}],"predecessor-version":[{"id":4194,"href":"https:\/\/innovacionygestion.net\/index.php\/wp-json\/wp\/v2\/posts\/4190\/revisions\/4194"}],"wp:featuredmedia":[{"embeddable":true,"href":"https:\/\/innovacionygestion.net\/index.php\/wp-json\/wp\/v2\/media\/4191"}],"wp:attachment":[{"href":"https:\/\/innovacionygestion.net\/index.php\/wp-json\/wp\/v2\/media?parent=4190"}],"wp:term":[{"taxonomy":"category","embeddable":true,"href":"https:\/\/innovacionygestion.net\/index.php\/wp-json\/wp\/v2\/categories?post=4190"},{"taxonomy":"post_tag","embeddable":true,"href":"https:\/\/innovacionygestion.net\/index.php\/wp-json\/wp\/v2\/tags?post=4190"}],"curies":[{"name":"wp","href":"https:\/\/api.w.org\/{rel}","templated":true}]}}