{"id":4221,"date":"2021-09-16T11:31:05","date_gmt":"2021-09-16T14:31:05","guid":{"rendered":"https:\/\/innovacionygestion.net\/?p=4221"},"modified":"2021-09-16T11:31:05","modified_gmt":"2021-09-16T14:31:05","slug":"se-inauguro-el-policonsultorio-post-covid-del-ips","status":"publish","type":"post","link":"https:\/\/innovacionygestion.net\/index.php\/2021\/09\/16\/se-inauguro-el-policonsultorio-post-covid-del-ips\/","title":{"rendered":"Se inaugur\u00f3 el Policonsultorio Post Covid del IPS"},"content":{"rendered":"<p>El Instituto de Previsi\u00f3n Social de Misiones abri\u00f3 el nuevo centro multidisciplinario Post Covid, con el objetivo de seguir cuidando a los afiliados brind\u00e1ndoles atenci\u00f3n de m\u00e9dicos cl\u00ednicos, cardi\u00f3logos, nutricionistas, psic\u00f3logos, kinesi\u00f3logos, enfermeros y espirometr\u00eda.<br \/>\nEn la oportunidad el presidente del IPS, Dr. Lisandro Benmaor, destac\u00f3 que \u201csomos unas de las pocas y primeras obras sociales provinciales del pa\u00eds que cuenta con este servicio destinado a pacientes que tuvieron Coronavirus, teniendo en cuenta que son frecuentes las consecuencias y\/o secuelas que deja el virus\u201d.<br \/>\nPor su parte el Ministro de Salud P\u00fablica, Dr. Oscar Alarc\u00f3n, enfatiz\u00f3 en la importancia de esta incorporaci\u00f3n para la sanidad provincial en tiempo de pandemia.<br \/>\nLa atenci\u00f3n ser\u00e1 a partir del pr\u00f3ximo lunes 20, en Bol\u00edvar 1531, 3\u00b0 piso, donde se podr\u00e1n pedir turnos en administraci\u00f3n y se destaca el acceso a todos los chequeos m\u00e9dicos con cl\u00ednicos y especialistas en un mismo lugar.<br \/>\nY los afiliados del interior de Misiones podr\u00e1n venir a atenderse ya que cuentan con hospedaje en el Hotel de la instituci\u00f3n.<\/p>\n","protected":false},"excerpt":{"rendered":"<p>El Instituto de Previsi\u00f3n Social de Misiones abri\u00f3 el nuevo centro multidisciplinario Post Covid, con<\/p>\n","protected":false},"author":2,"featured_media":4222,"comment_status":"open","ping_status":"open","sticky":false,"template":"","format":"standard","meta":{"footnotes":""},"categories":[13],"tags":[],"_links":{"self":[{"href":"https:\/\/innovacionygestion.net\/index.php\/wp-json\/wp\/v2\/posts\/4221"}],"collection":[{"href":"https:\/\/innovacionygestion.net\/index.php\/wp-json\/wp\/v2\/posts"}],"about":[{"href":"https:\/\/innovacionygestion.net\/index.php\/wp-json\/wp\/v2\/types\/post"}],"author":[{"embeddable":true,"href":"https:\/\/innovacionygestion.net\/index.php\/wp-json\/wp\/v2\/users\/2"}],"replies":[{"embeddable":true,"href":"https:\/\/innovacionygestion.net\/index.php\/wp-json\/wp\/v2\/comments?post=4221"}],"version-history":[{"count":1,"href":"https:\/\/innovacionygestion.net\/index.php\/wp-json\/wp\/v2\/posts\/4221\/revisions"}],"predecessor-version":[{"id":4223,"href":"https:\/\/innovacionygestion.net\/index.php\/wp-json\/wp\/v2\/posts\/4221\/revisions\/4223"}],"wp:featuredmedia":[{"embeddable":true,"href":"https:\/\/innovacionygestion.net\/index.php\/wp-json\/wp\/v2\/media\/4222"}],"wp:attachment":[{"href":"https:\/\/innovacionygestion.net\/index.php\/wp-json\/wp\/v2\/media?parent=4221"}],"wp:term":[{"taxonomy":"category","embeddable":true,"href":"https:\/\/innovacionygestion.net\/index.php\/wp-json\/wp\/v2\/categories?post=4221"},{"taxonomy":"post_tag","embeddable":true,"href":"https:\/\/innovacionygestion.net\/index.php\/wp-json\/wp\/v2\/tags?post=4221"}],"curies":[{"name":"wp","href":"https:\/\/api.w.org\/{rel}","templated":true}]}}