{"id":428,"date":"2019-11-27T21:36:44","date_gmt":"2019-11-28T00:36:44","guid":{"rendered":"https:\/\/innovacionygestion.net\/?p=428"},"modified":"2019-11-27T21:36:44","modified_gmt":"2019-11-28T00:36:44","slug":"losada-participo-del-cierre-del-ciclo-lectivo-de-los-jardines-maternales-municipales","status":"publish","type":"post","link":"https:\/\/innovacionygestion.net\/index.php\/2019\/11\/27\/losada-participo-del-cierre-del-ciclo-lectivo-de-los-jardines-maternales-municipales\/","title":{"rendered":"Losada particip\u00f3 del cierre del ciclo lectivo de los Jardines Maternales Municipales."},"content":{"rendered":"<p>Con la presencia de m\u00e1s de 330 ni\u00f1os y sus familias, se llev\u00f3 a cabo el acto del cierre del ciclo lectivo 2019 de los cuatro jardines maternales municipales en el Centro de Convenciones de la ciudad.<br \/>\n\u201cAc\u00e1 vemos el trabajo de todo el a\u00f1o de los chicos. Esta es una fiesta para la familia. Nuestro objetivo desde la gesti\u00f3n fue elevar la calidad de atenci\u00f3n de los jardines, trabajando en conjunto con las familias en el proceso de ense\u00f1anza y brindarle la seguridad a los padres, que mientras est\u00e1n trabajando, sus hijos est\u00e1n bien cuidados\u201d, expres\u00f3 el intendente de Posadas, Joaqu\u00edn Losada.<\/p>\n<p>El funcionario agradeci\u00f3 a todos los integrantes de las cuatro guarder\u00edas por el trabajo realizado durante todo el a\u00f1o y a las familias por el acompa\u00f1amiento y destac\u00f3 la importancia del acompa\u00f1amiento de las familias en el proceso de ense\u00f1anza.<br \/>\nLos cuatro jardines cuentan con un servicio de alimentaci\u00f3n supervisado el equipo de nutricionistas, adem\u00e1s de un gabinete profesional confirmado por psic\u00f3logas, psicopedagogas y asistentes sociales.<\/p>\n","protected":false},"excerpt":{"rendered":"<p>Con la presencia de m\u00e1s de 330 ni\u00f1os y sus familias, se llev\u00f3 a cabo<\/p>\n","protected":false},"author":2,"featured_media":429,"comment_status":"open","ping_status":"open","sticky":false,"template":"","format":"standard","meta":{"footnotes":""},"categories":[2],"tags":[],"_links":{"self":[{"href":"https:\/\/innovacionygestion.net\/index.php\/wp-json\/wp\/v2\/posts\/428"}],"collection":[{"href":"https:\/\/innovacionygestion.net\/index.php\/wp-json\/wp\/v2\/posts"}],"about":[{"href":"https:\/\/innovacionygestion.net\/index.php\/wp-json\/wp\/v2\/types\/post"}],"author":[{"embeddable":true,"href":"https:\/\/innovacionygestion.net\/index.php\/wp-json\/wp\/v2\/users\/2"}],"replies":[{"embeddable":true,"href":"https:\/\/innovacionygestion.net\/index.php\/wp-json\/wp\/v2\/comments?post=428"}],"version-history":[{"count":1,"href":"https:\/\/innovacionygestion.net\/index.php\/wp-json\/wp\/v2\/posts\/428\/revisions"}],"predecessor-version":[{"id":430,"href":"https:\/\/innovacionygestion.net\/index.php\/wp-json\/wp\/v2\/posts\/428\/revisions\/430"}],"wp:featuredmedia":[{"embeddable":true,"href":"https:\/\/innovacionygestion.net\/index.php\/wp-json\/wp\/v2\/media\/429"}],"wp:attachment":[{"href":"https:\/\/innovacionygestion.net\/index.php\/wp-json\/wp\/v2\/media?parent=428"}],"wp:term":[{"taxonomy":"category","embeddable":true,"href":"https:\/\/innovacionygestion.net\/index.php\/wp-json\/wp\/v2\/categories?post=428"},{"taxonomy":"post_tag","embeddable":true,"href":"https:\/\/innovacionygestion.net\/index.php\/wp-json\/wp\/v2\/tags?post=428"}],"curies":[{"name":"wp","href":"https:\/\/api.w.org\/{rel}","templated":true}]}}