{"id":434,"date":"2019-11-27T21:50:07","date_gmt":"2019-11-28T00:50:07","guid":{"rendered":"https:\/\/innovacionygestion.net\/?p=434"},"modified":"2019-11-27T21:50:07","modified_gmt":"2019-11-28T00:50:07","slug":"el-municipio-concreto-trabajos-de-reacondicionamiento-y-mantenimiento-de-calles-terradas-en-las-chacras-83-y-192","status":"publish","type":"post","link":"https:\/\/innovacionygestion.net\/index.php\/2019\/11\/27\/el-municipio-concreto-trabajos-de-reacondicionamiento-y-mantenimiento-de-calles-terradas-en-las-chacras-83-y-192\/","title":{"rendered":"El municipio concret\u00f3 trabajos de reacondicionamiento y mantenimiento de calles terradas en las chacras 83 y 192"},"content":{"rendered":"<div class=\"x_gmail_quote\">\n<div dir=\"ltr\">\n<div class=\"x_gmail_quote\">\n<div dir=\"ltr\">\n<div>\n<div>\n<div>\n<p>El gobierno de Posadas llev\u00f3 adelante obras de mejoramiento vial en las chacras 83 y 192, localizadas en los Centros de Integraci\u00f3n Territoriales (CIT) Villa Cabello y Riberas del Paran\u00e1.<\/p>\n<p>Los operarios de la Secretar\u00eda de Obras P\u00fablicas concretaron trabajos de perfilado, extracci\u00f3n de suelo vegetal, distribuci\u00f3n de piedras binder y compactaci\u00f3n en la Chacra 83 para evitar inundaciones los d\u00edas de abundantes precipitaciones. Las acciones se desarrollaron sobre 1.200 metros lineales que equivalen a la totalidad de las arterias internas del barrio.<\/p>\n<p>Paralelamente, otro equipo municipal realiz\u00f3 tareas de perfilado, compactaci\u00f3n y limpieza de cunetas en las calles 36 y 38, entre 125 y Monse\u00f1or de Andrea, con la intenci\u00f3n de nivelar las arterias de ingreso y egreso de la Chacra 192 y mejorar la circulaci\u00f3n vehicular en la zona.<\/p>\n<p>\u201cMe parece un buen trabajo porque de a poco van quedando en buenas condiciones todas las calles para que los autos y las motos de los vecinos no sufran da\u00f1os ocasionados por el deterioro de las mismas\u201d, coment\u00f3 Constanza Lezcano, presidenta de la comisi\u00f3n vecinal de la Chacra 192.<\/p>\n<p>Desde la Municipalidad destacaron que este tipo de operativos\u00a0de reacondicionamiento y mantenimiento de calles terradas\u00a0se ejecutan diariamente en distintos puntos de Posadas con personal, maquinaria y fondos propios de la ciudad siguiendo un cronograma consensuado con los diferentes CIT que tienen relevados los lugares que necesitan estas obras.<\/p>\n<\/div>\n<\/div>\n<\/div>\n<\/div>\n<\/div>\n<\/div>\n<\/div>\n<p><b>Direcci\u00f3n de Prensa y Comunicaci\u00f3n Institucional<\/b><\/p>\n<div class=\"x_gmail_signature\" dir=\"ltr\">\n<div dir=\"ltr\">\n<div dir=\"ltr\">\n<div><b>Municipalidad de Posadas<\/b><\/div>\n<div><\/div>\n<\/div>\n<\/div>\n<\/div>\n","protected":false},"excerpt":{"rendered":"<p>El gobierno de Posadas llev\u00f3 adelante obras de mejoramiento vial en las chacras 83 y<\/p>\n","protected":false},"author":2,"featured_media":435,"comment_status":"open","ping_status":"open","sticky":false,"template":"","format":"standard","meta":{"footnotes":""},"categories":[2],"tags":[],"_links":{"self":[{"href":"https:\/\/innovacionygestion.net\/index.php\/wp-json\/wp\/v2\/posts\/434"}],"collection":[{"href":"https:\/\/innovacionygestion.net\/index.php\/wp-json\/wp\/v2\/posts"}],"about":[{"href":"https:\/\/innovacionygestion.net\/index.php\/wp-json\/wp\/v2\/types\/post"}],"author":[{"embeddable":true,"href":"https:\/\/innovacionygestion.net\/index.php\/wp-json\/wp\/v2\/users\/2"}],"replies":[{"embeddable":true,"href":"https:\/\/innovacionygestion.net\/index.php\/wp-json\/wp\/v2\/comments?post=434"}],"version-history":[{"count":1,"href":"https:\/\/innovacionygestion.net\/index.php\/wp-json\/wp\/v2\/posts\/434\/revisions"}],"predecessor-version":[{"id":436,"href":"https:\/\/innovacionygestion.net\/index.php\/wp-json\/wp\/v2\/posts\/434\/revisions\/436"}],"wp:featuredmedia":[{"embeddable":true,"href":"https:\/\/innovacionygestion.net\/index.php\/wp-json\/wp\/v2\/media\/435"}],"wp:attachment":[{"href":"https:\/\/innovacionygestion.net\/index.php\/wp-json\/wp\/v2\/media?parent=434"}],"wp:term":[{"taxonomy":"category","embeddable":true,"href":"https:\/\/innovacionygestion.net\/index.php\/wp-json\/wp\/v2\/categories?post=434"},{"taxonomy":"post_tag","embeddable":true,"href":"https:\/\/innovacionygestion.net\/index.php\/wp-json\/wp\/v2\/tags?post=434"}],"curies":[{"name":"wp","href":"https:\/\/api.w.org\/{rel}","templated":true}]}}