{"id":4530,"date":"2022-02-08T07:43:05","date_gmt":"2022-02-08T10:43:05","guid":{"rendered":"https:\/\/innovacionygestion.net\/?p=4530"},"modified":"2022-02-08T07:43:05","modified_gmt":"2022-02-08T10:43:05","slug":"prorrogaron-el-vencimiento-de-las-cuotas-del-programa-plan-tractor-y-equipamientos-agricolas","status":"publish","type":"post","link":"https:\/\/innovacionygestion.net\/index.php\/2022\/02\/08\/prorrogaron-el-vencimiento-de-las-cuotas-del-programa-plan-tractor-y-equipamientos-agricolas\/","title":{"rendered":"Prorrogaron el vencimiento de las cuotas del Programa Plan tractor y Equipamientos Agr\u00edcolas"},"content":{"rendered":"<div dir=\"auto\">El Gobernador de la Provincia, Dr. Oscar Herrera Ahuad anunci\u00f3 a trav\u00e9s de su cuenta de twitter la pr\u00f3rroga de los vencimientos de las cuotas del Plan tractor, ratificada por la disposici\u00f3n N\u00b0 122\/22 del Instituto de Fomento Agropecuario e Industrial firmada por su presidente, el Cr. Marcelo Rodr\u00edguez.<\/div>\n<div dir=\"auto\">En el marco de la emergencia agropecuaria y la sequ\u00eda extrema que est\u00e1 afectando a la producci\u00f3n y cosecha en las chacras de la provincia, el Gobierno de Misiones decidi\u00f3 prorrogar los vencimientos del pago de las cuotas del Plan Tractor hasta el 30 de abril del corriente a\u00f1o.<\/div>\n<div dir=\"auto\">En esa fecha la situaci\u00f3n de los productores ser\u00e1 nuevamente evaluada de manera conjunta con el Instituto de Fomento Agropecuario e Industrial (IFAI), para determinar otra posible pr\u00f3rroga sujeta a las condiciones clim\u00e1ticas que atraviesa la provincia.<\/div>\n<div dir=\"auto\">Cabe recordar que El Plan Tractor y Equipamientos Agr\u00edcolas es un programa de asistencia con recursos netamente provinciales, que estuvo vigente en los a\u00f1os 2020 y 2021 con el claro objetivo de incrementar la capacidad de producci\u00f3n y tecnificar el agro misionero.<\/div>\n<div dir=\"auto\">Y fue dirigido a peque\u00f1os y medianos productores para la adquisici\u00f3n de cr\u00e9ditos con garant\u00edas prendarias, de hasta 5 millones por solicitud, a tasa cero\u00a0 con un per\u00edodo de gracia de 6 meses y hasta 48 cuotas sin inter\u00e9s, con el fin de acceder a tractores 0 km y equipamientos agr\u00edcolas.<\/div>\n<div dir=\"auto\"><\/div>\n","protected":false},"excerpt":{"rendered":"<p>El Gobernador de la Provincia, Dr. Oscar Herrera Ahuad anunci\u00f3 a trav\u00e9s de su cuenta<\/p>\n","protected":false},"author":2,"featured_media":4531,"comment_status":"open","ping_status":"open","sticky":false,"template":"","format":"standard","meta":{"footnotes":""},"categories":[24],"tags":[],"_links":{"self":[{"href":"https:\/\/innovacionygestion.net\/index.php\/wp-json\/wp\/v2\/posts\/4530"}],"collection":[{"href":"https:\/\/innovacionygestion.net\/index.php\/wp-json\/wp\/v2\/posts"}],"about":[{"href":"https:\/\/innovacionygestion.net\/index.php\/wp-json\/wp\/v2\/types\/post"}],"author":[{"embeddable":true,"href":"https:\/\/innovacionygestion.net\/index.php\/wp-json\/wp\/v2\/users\/2"}],"replies":[{"embeddable":true,"href":"https:\/\/innovacionygestion.net\/index.php\/wp-json\/wp\/v2\/comments?post=4530"}],"version-history":[{"count":1,"href":"https:\/\/innovacionygestion.net\/index.php\/wp-json\/wp\/v2\/posts\/4530\/revisions"}],"predecessor-version":[{"id":4532,"href":"https:\/\/innovacionygestion.net\/index.php\/wp-json\/wp\/v2\/posts\/4530\/revisions\/4532"}],"wp:featuredmedia":[{"embeddable":true,"href":"https:\/\/innovacionygestion.net\/index.php\/wp-json\/wp\/v2\/media\/4531"}],"wp:attachment":[{"href":"https:\/\/innovacionygestion.net\/index.php\/wp-json\/wp\/v2\/media?parent=4530"}],"wp:term":[{"taxonomy":"category","embeddable":true,"href":"https:\/\/innovacionygestion.net\/index.php\/wp-json\/wp\/v2\/categories?post=4530"},{"taxonomy":"post_tag","embeddable":true,"href":"https:\/\/innovacionygestion.net\/index.php\/wp-json\/wp\/v2\/tags?post=4530"}],"curies":[{"name":"wp","href":"https:\/\/api.w.org\/{rel}","templated":true}]}}