{"id":4602,"date":"2022-02-11T17:07:42","date_gmt":"2022-02-11T20:07:42","guid":{"rendered":"https:\/\/innovacionygestion.net\/?p=4602"},"modified":"2022-02-11T17:07:42","modified_gmt":"2022-02-11T20:07:42","slug":"vialidad-inicia-un-plan-de-100-cuadras-de-cordon-cuneta-y-empedrado-en-obera","status":"publish","type":"post","link":"https:\/\/innovacionygestion.net\/index.php\/2022\/02\/11\/vialidad-inicia-un-plan-de-100-cuadras-de-cordon-cuneta-y-empedrado-en-obera\/","title":{"rendered":"Vialidad inicia un plan de 100 cuadras de cord\u00f3n cuneta y empedrado en Ober\u00e1"},"content":{"rendered":"<p class=\"x_MsoNormal\"><span lang=\"ES-AR\">La Direcci\u00f3n Provincial de Vialidad (DPV) llevar\u00e1 adelante trabajos de construcci\u00f3n de 100 cuadras de empedrado en la ciudad de Ober\u00e1 que incluir\u00e1n la ejecuci\u00f3n de cordones cuneta.<\/span><\/p>\n<p class=\"x_MsoNormal\"><span lang=\"ES-AR\">En el plan de obras se seleccion\u00f3 especialmente calles y avenidas que resultan de inter\u00e9s por conectarse con v\u00edas troncales, rutas y colectoras de rutas en sus trayectos urbanos y nexos entre diferentes barrios y entre barrios con la zona c\u00e9ntrica. Adem\u00e1s de la evidente mejora para el tr\u00e1nsito en general, se busca facilitar el recorrido de las diferentes l\u00edneas del transporte urbano de pasajeros facilitando el traslado de los vecinos con mejores servicios de colectivos, una medida que fue indicada por el propio Gobernador de Misiones, Dr. Oscar Herrera Ahuad, quien visit\u00f3, d\u00edas atr\u00e1s, Ober\u00e1.<\/span><\/p>\n<p class=\"x_MsoNormal\"><span lang=\"ES-AR\">Los trabajos se enfocar\u00e1n en distintos sectores de la zona urbana obere\u00f1a. Se intervendr\u00e1n, por ejemplo, 12 cuadras en el Barrio Bella Vista en las calles Montevideo, Bogot\u00e1 y B\u00e9lgica y tambi\u00e9n en el Barrio Norte, adem\u00e1s de otras previstas en diferentes \u00e1reas de la ciudad.<\/span><\/p>\n<p class=\"x_MsoNormal\"><span lang=\"ES-AR\">Las obras supondr\u00e1n mejoras sustanciales en la trama vial urbana de Ober\u00e1 y acompa\u00f1ar\u00e1n el desarrollo que experimentan distintos sectores de la Capital del Monte.<\/span><\/p>\n<p class=\"x_MsoNormal\"><span lang=\"ES-AR\">El\u00a0\u00a0 presidente de la DPV, Ingeniero Sebastian Macias y el Intendente local, Dr. Pablo Hassan, recorrieron las zonas a intervenirse con los trabajos de empedrado anunciados y supervisaron otros frentes de trabajo en marcha en Ober\u00e1.<\/span><\/p>\n<p class=\"x_MsoNormal\"><b><span lang=\"ES-AR\">Obras terminadas<\/span><\/b><\/p>\n<p class=\"x_MsoNormal\"><span lang=\"ES-AR\">Por otro lado, la ciudad de Ober\u00e1, en 2021, sum\u00f3 84 cuadras asfaltadas bajo el Programa de Pavimento Urbano ejecutado por Vialidad de Misiones con recursos del Estado Provincial. Adem\u00e1s, se complet\u00f3 la pavimentaci\u00f3n de la avenida Gendarmer\u00eda Nacional y de la calle colectora de la Ruta Nacional N\u00b0 14 Ap\u00f3stoles Norte entre las avenidas Gendarmer\u00eda Nacional y Beltrame.<\/span><\/p>\n<p class=\"x_MsoNormal\"><span lang=\"ES-AR\">Estas obras del Gobierno de Misiones, ejecutadas por Vialidad Provincial, representan una m\u00e1s de las inversiones que se hacen para la puesta en valor de centros urbanos que, a\u00f1o a a\u00f1o, experimentan crecimiento y desarrollo.<\/span><\/p>\n<p><img loading=\"lazy\" decoding=\"async\" class=\"alignnone size-medium wp-image-4604\" src=\"https:\/\/innovacionygestion.net\/wp-content\/uploads\/2022\/02\/thumbnail_DPV-OBER\u00c1-ASFALTO-II-300x199.jpg\" alt=\"\" width=\"300\" height=\"199\" srcset=\"https:\/\/innovacionygestion.net\/wp-content\/uploads\/2022\/02\/thumbnail_DPV-OBER\u00c1-ASFALTO-II-300x200.jpg 300w, https:\/\/innovacionygestion.net\/wp-content\/uploads\/2022\/02\/thumbnail_DPV-OBER\u00c1-ASFALTO-II-768x508.jpg 768w, https:\/\/innovacionygestion.net\/wp-content\/uploads\/2022\/02\/thumbnail_DPV-OBER\u00c1-ASFALTO-II-1024x678.jpg 1024w, https:\/\/innovacionygestion.net\/wp-content\/uploads\/2022\/02\/thumbnail_DPV-OBER\u00c1-ASFALTO-II.jpg 1280w\" sizes=\"(max-width: 300px) 100vw, 300px\" \/><\/p>\n","protected":false},"excerpt":{"rendered":"<p>La Direcci\u00f3n Provincial de Vialidad (DPV) llevar\u00e1 adelante trabajos de construcci\u00f3n de 100 cuadras de<\/p>\n","protected":false},"author":2,"featured_media":4603,"comment_status":"open","ping_status":"open","sticky":false,"template":"","format":"standard","meta":{"footnotes":""},"categories":[17,21],"tags":[],"_links":{"self":[{"href":"https:\/\/innovacionygestion.net\/index.php\/wp-json\/wp\/v2\/posts\/4602"}],"collection":[{"href":"https:\/\/innovacionygestion.net\/index.php\/wp-json\/wp\/v2\/posts"}],"about":[{"href":"https:\/\/innovacionygestion.net\/index.php\/wp-json\/wp\/v2\/types\/post"}],"author":[{"embeddable":true,"href":"https:\/\/innovacionygestion.net\/index.php\/wp-json\/wp\/v2\/users\/2"}],"replies":[{"embeddable":true,"href":"https:\/\/innovacionygestion.net\/index.php\/wp-json\/wp\/v2\/comments?post=4602"}],"version-history":[{"count":1,"href":"https:\/\/innovacionygestion.net\/index.php\/wp-json\/wp\/v2\/posts\/4602\/revisions"}],"predecessor-version":[{"id":4605,"href":"https:\/\/innovacionygestion.net\/index.php\/wp-json\/wp\/v2\/posts\/4602\/revisions\/4605"}],"wp:featuredmedia":[{"embeddable":true,"href":"https:\/\/innovacionygestion.net\/index.php\/wp-json\/wp\/v2\/media\/4603"}],"wp:attachment":[{"href":"https:\/\/innovacionygestion.net\/index.php\/wp-json\/wp\/v2\/media?parent=4602"}],"wp:term":[{"taxonomy":"category","embeddable":true,"href":"https:\/\/innovacionygestion.net\/index.php\/wp-json\/wp\/v2\/categories?post=4602"},{"taxonomy":"post_tag","embeddable":true,"href":"https:\/\/innovacionygestion.net\/index.php\/wp-json\/wp\/v2\/tags?post=4602"}],"curies":[{"name":"wp","href":"https:\/\/api.w.org\/{rel}","templated":true}]}}