{"id":4677,"date":"2022-03-02T07:38:03","date_gmt":"2022-03-02T10:38:03","guid":{"rendered":"https:\/\/innovacionygestion.net\/?p=4677"},"modified":"2022-03-02T07:38:03","modified_gmt":"2022-03-02T10:38:03","slug":"acto-oficial-en-itaembe-guazu-en-posadas","status":"publish","type":"post","link":"https:\/\/innovacionygestion.net\/index.php\/2022\/03\/02\/acto-oficial-en-itaembe-guazu-en-posadas\/","title":{"rendered":"Acto oficial en Itaemb\u00e9 Guaz\u00fa, en Posadas"},"content":{"rendered":"<p>El acto oficial del ciclo lectivo 2022 en Misiones se desarrollar\u00e1 hoy a las 9 en la\u00a0 Escuela N\u00ba 960 (calle Yaguaret\u00e9 s\/n, sector II) del barrio Itaemb\u00e9 Guaz\u00fa, de Posadas. Estar\u00e1 presente el gobernador, Oscar Herrera Ahuad; el vicegobernador, Carlos Arce, y las autoridades educativas del \u00e1mbito provincial. Por la tarde, la comitiva gubernamental se trasladar\u00e1 a San Vicente, donde a las 16 se concretar\u00e1 la inauguraci\u00f3n de la Escuela N\u00b0 453 Sierra Grande. Con ambas actividades se da apertura del a\u00f1o escolar, en simult\u00e1neo con la mayor\u00eda de las provincias argentinas.<\/p>\n<p>Fuente: El Territorio<\/p>\n<p>&nbsp;<\/p>\n","protected":false},"excerpt":{"rendered":"<p>El acto oficial del ciclo lectivo 2022 en Misiones se desarrollar\u00e1 hoy a las 9<\/p>\n","protected":false},"author":2,"featured_media":4678,"comment_status":"open","ping_status":"open","sticky":false,"template":"","format":"standard","meta":{"footnotes":""},"categories":[15],"tags":[],"_links":{"self":[{"href":"https:\/\/innovacionygestion.net\/index.php\/wp-json\/wp\/v2\/posts\/4677"}],"collection":[{"href":"https:\/\/innovacionygestion.net\/index.php\/wp-json\/wp\/v2\/posts"}],"about":[{"href":"https:\/\/innovacionygestion.net\/index.php\/wp-json\/wp\/v2\/types\/post"}],"author":[{"embeddable":true,"href":"https:\/\/innovacionygestion.net\/index.php\/wp-json\/wp\/v2\/users\/2"}],"replies":[{"embeddable":true,"href":"https:\/\/innovacionygestion.net\/index.php\/wp-json\/wp\/v2\/comments?post=4677"}],"version-history":[{"count":1,"href":"https:\/\/innovacionygestion.net\/index.php\/wp-json\/wp\/v2\/posts\/4677\/revisions"}],"predecessor-version":[{"id":4679,"href":"https:\/\/innovacionygestion.net\/index.php\/wp-json\/wp\/v2\/posts\/4677\/revisions\/4679"}],"wp:featuredmedia":[{"embeddable":true,"href":"https:\/\/innovacionygestion.net\/index.php\/wp-json\/wp\/v2\/media\/4678"}],"wp:attachment":[{"href":"https:\/\/innovacionygestion.net\/index.php\/wp-json\/wp\/v2\/media?parent=4677"}],"wp:term":[{"taxonomy":"category","embeddable":true,"href":"https:\/\/innovacionygestion.net\/index.php\/wp-json\/wp\/v2\/categories?post=4677"},{"taxonomy":"post_tag","embeddable":true,"href":"https:\/\/innovacionygestion.net\/index.php\/wp-json\/wp\/v2\/tags?post=4677"}],"curies":[{"name":"wp","href":"https:\/\/api.w.org\/{rel}","templated":true}]}}