{"id":4818,"date":"2022-04-06T09:42:45","date_gmt":"2022-04-06T12:42:45","guid":{"rendered":"https:\/\/innovacionygestion.net\/?p=4818"},"modified":"2022-04-06T09:42:45","modified_gmt":"2022-04-06T12:42:45","slug":"mejores-calles-en-los-barrios-en-obera-se-construyen-100-cuadras-de-cordon-cuneta-y-empedrado","status":"publish","type":"post","link":"https:\/\/innovacionygestion.net\/index.php\/2022\/04\/06\/mejores-calles-en-los-barrios-en-obera-se-construyen-100-cuadras-de-cordon-cuneta-y-empedrado\/","title":{"rendered":"Mejores calles en los barrios: En Ober\u00e1 se construyen 100 cuadras de cord\u00f3n cuneta y empedrado"},"content":{"rendered":"<p class=\"x_MsoNormal\"><span lang=\"ES-AR\">La Direcci\u00f3n Provincial de Vialidad (DPV) lleva adelante trabajos de construcci\u00f3n de 100 cuadras de cord\u00f3n-cuneta y empedrado en la ciudad de Ober\u00e1. Son obras por convenio con la Municipalidad.<\/span><\/p>\n<p class=\"x_MsoNormal\"><span lang=\"ES-AR\">Los trabajos se enfocar\u00e1n en distintos sectores de la zona urbana obere\u00f1a. Ya se trabaja en 12 cuadras en el Barrio Bella Vista en las calles Montevideo, Bogot\u00e1 y B\u00e9lgica y tambi\u00e9n en el Barrio Kil\u00f3metro Cero, adem\u00e1s de otras previstas en diferentes \u00e1reas de la ciudad. En todos los casos son arterias seleccionadas por su importancia en cuanto a la conexi\u00f3n entre los barrios y por su relevancia para los recorridos del transporte p\u00fablico de pasajeros.<\/span><\/p>\n<p class=\"x_MsoNormal\"><span lang=\"ES-AR\">El\u00a0\u00a0 presidente de la DPV, Ingeniero Sebastian Macias y el Intendente local, Dr. Pablo Hassan, inspeccionaron las zonas en obra y supervisaron los frentes de trabajo en marcha.<\/span><\/p>\n<p class=\"x_MsoNormal\"><span lang=\"ES-AR\">\u201cEstamos en el barrio Bella Vista dando inicio a estas 100 cuadras, son trabajos que hacemos por convenio para ejecutar empedrado y cord\u00f3n cuneta con la Municipalidad de Ober\u00e1, de la misma forma que trabajamos por convenio para avanzar en distintas obras en los 77\u00a0 municipios. Son trabajos que mejoran la calidad de vida de los vecinos, aportan infraestructura a los barrios y seguridad vial y comodidad para el tr\u00e1nsito\u201d, detall\u00f3 Macias.<\/span><\/p>\n<p class=\"x_MsoNormal\"><span lang=\"ES-AR\">\u201cTrabajamos para ir concretando las necesidades de los barrios, trabajando en conjunto con las comisiones vecinales. Ver la alegr\u00eda de los vecinos de salir del camino de tierra y llegar al empedrado es una satisfacci\u00f3n muy grande\u201d, reflexion\u00f3 el intendente de Ober\u00e1.<\/span><\/p>\n<p class=\"x_MsoNormal\"><span lang=\"ES-AR\">Estas obras del Gobierno de Misiones, ejecutadas por Vialidad Provincial, son inversiones que se hacen para la puesta en valor de centros urbanos que, a\u00f1o a a\u00f1o, experimentan crecimiento y desarrollo.<\/span><\/p>\n","protected":false},"excerpt":{"rendered":"<p>La Direcci\u00f3n Provincial de Vialidad (DPV) lleva adelante trabajos de construcci\u00f3n de 100 cuadras de<\/p>\n","protected":false},"author":2,"featured_media":4819,"comment_status":"open","ping_status":"open","sticky":false,"template":"","format":"standard","meta":{"footnotes":""},"categories":[21],"tags":[],"_links":{"self":[{"href":"https:\/\/innovacionygestion.net\/index.php\/wp-json\/wp\/v2\/posts\/4818"}],"collection":[{"href":"https:\/\/innovacionygestion.net\/index.php\/wp-json\/wp\/v2\/posts"}],"about":[{"href":"https:\/\/innovacionygestion.net\/index.php\/wp-json\/wp\/v2\/types\/post"}],"author":[{"embeddable":true,"href":"https:\/\/innovacionygestion.net\/index.php\/wp-json\/wp\/v2\/users\/2"}],"replies":[{"embeddable":true,"href":"https:\/\/innovacionygestion.net\/index.php\/wp-json\/wp\/v2\/comments?post=4818"}],"version-history":[{"count":1,"href":"https:\/\/innovacionygestion.net\/index.php\/wp-json\/wp\/v2\/posts\/4818\/revisions"}],"predecessor-version":[{"id":4820,"href":"https:\/\/innovacionygestion.net\/index.php\/wp-json\/wp\/v2\/posts\/4818\/revisions\/4820"}],"wp:featuredmedia":[{"embeddable":true,"href":"https:\/\/innovacionygestion.net\/index.php\/wp-json\/wp\/v2\/media\/4819"}],"wp:attachment":[{"href":"https:\/\/innovacionygestion.net\/index.php\/wp-json\/wp\/v2\/media?parent=4818"}],"wp:term":[{"taxonomy":"category","embeddable":true,"href":"https:\/\/innovacionygestion.net\/index.php\/wp-json\/wp\/v2\/categories?post=4818"},{"taxonomy":"post_tag","embeddable":true,"href":"https:\/\/innovacionygestion.net\/index.php\/wp-json\/wp\/v2\/tags?post=4818"}],"curies":[{"name":"wp","href":"https:\/\/api.w.org\/{rel}","templated":true}]}}