{"id":4891,"date":"2022-04-22T06:45:40","date_gmt":"2022-04-22T09:45:40","guid":{"rendered":"https:\/\/innovacionygestion.net\/?p=4891"},"modified":"2022-04-22T06:45:40","modified_gmt":"2022-04-22T09:45:40","slug":"el-renatre-participo-del-lanzamiento-del-programa-buena-cosecha-en-misiones","status":"publish","type":"post","link":"https:\/\/innovacionygestion.net\/index.php\/2022\/04\/22\/el-renatre-participo-del-lanzamiento-del-programa-buena-cosecha-en-misiones\/","title":{"rendered":"El RENATRE particip\u00f3 del lanzamiento del Programa \u201cBuena Cosecha\u201d en Misiones"},"content":{"rendered":"<p>La Delegaci\u00f3n del Registro Nacional de Trabajadores Rurales y Empleadores (RENATRE) en Misiones particip\u00f3 del lanzamiento del Programa \u201cBuena Cosecha\u201d que busca la articulaci\u00f3n entre el Ministerio de Trabajo y Empleo de la Provincia de Misiones y el Ministerio de Trabajo Empleo y Seguridad Social de la Naci\u00f3n para llevar adelante espacios de cuidado destinados a brindar contenci\u00f3n a los hijos e hijas de trabajadores tareferos como herramienta de prevenci\u00f3n del Trabajo infantil.<\/p>\n<p>Dichos espacios se realizar\u00e1n en las localidades Dos de Mayo, Ober\u00e1, Campo Ram\u00f3n, Comandante Andresito, Jard\u00edn Am\u00e9rica y Campo Grande.<\/p>\n<p>\u201cBuena Cosecha\u201d busca, como los Centros CRECER del RENATRE, colaborar en la prevenci\u00f3n y erradicaci\u00f3n del trabajo infantil y protecci\u00f3n del trabajo adolescente. Para avanzar en estos objetivos se conform\u00f3 \u201ccon los Municipios 29 Mesas de Di\u00e1logo con un sistema local de protecci\u00f3n de los derechos de las ni\u00f1as, ni\u00f1os y adolescentes a trav\u00e9s de la formaci\u00f3n de redes e instituciones que se comprometen y trabajan de manera articulada, disponiendo y brindando accesibilidad a suministros vitales como la nutrici\u00f3n, salud y educaci\u00f3n\u201d, informaron en la p\u00e1gina web del Ministerio de Trabajo provincial.<\/p>\n<p>El lanzamiento se llev\u00f3 a cabo en la Vicegobernaci\u00f3n, del que participaron el Vicegobernador, Carlos Arce, la Ministra de Trabajo Provincial, Silvana Gim\u00e9nez, la Jefa Territorial Posadas del Ministerio de Trabajo, Ver\u00f3nica Derna, entre otros funcionarios Provinciales y municipales, el Defensor de Ni\u00f1as, ni\u00f1os y adolescentes, representantes de la UATRE, la Coordinadora de COPRETI Misiones, Coordinador a nivel Nacional del Programa Buena Cosecha, Edgardo Zuliani y en representaci\u00f3n de la coordinaci\u00f3n de la CONAETI, Sergio Diaz.<\/p>\n<p>El RENATRE contin\u00faa trabajando junto a organismos nacionales y provinciales para desarrollar acciones concretas que contribuyan a la prevenci\u00f3n y erradicaci\u00f3n del trabajo infantil y la protecci\u00f3n del trabajo adolescente.<\/p>\n","protected":false},"excerpt":{"rendered":"<p>La Delegaci\u00f3n del Registro Nacional de Trabajadores Rurales y Empleadores (RENATRE) en Misiones particip\u00f3 del<\/p>\n","protected":false},"author":2,"featured_media":4892,"comment_status":"open","ping_status":"open","sticky":false,"template":"","format":"standard","meta":{"footnotes":""},"categories":[29],"tags":[],"_links":{"self":[{"href":"https:\/\/innovacionygestion.net\/index.php\/wp-json\/wp\/v2\/posts\/4891"}],"collection":[{"href":"https:\/\/innovacionygestion.net\/index.php\/wp-json\/wp\/v2\/posts"}],"about":[{"href":"https:\/\/innovacionygestion.net\/index.php\/wp-json\/wp\/v2\/types\/post"}],"author":[{"embeddable":true,"href":"https:\/\/innovacionygestion.net\/index.php\/wp-json\/wp\/v2\/users\/2"}],"replies":[{"embeddable":true,"href":"https:\/\/innovacionygestion.net\/index.php\/wp-json\/wp\/v2\/comments?post=4891"}],"version-history":[{"count":1,"href":"https:\/\/innovacionygestion.net\/index.php\/wp-json\/wp\/v2\/posts\/4891\/revisions"}],"predecessor-version":[{"id":4893,"href":"https:\/\/innovacionygestion.net\/index.php\/wp-json\/wp\/v2\/posts\/4891\/revisions\/4893"}],"wp:featuredmedia":[{"embeddable":true,"href":"https:\/\/innovacionygestion.net\/index.php\/wp-json\/wp\/v2\/media\/4892"}],"wp:attachment":[{"href":"https:\/\/innovacionygestion.net\/index.php\/wp-json\/wp\/v2\/media?parent=4891"}],"wp:term":[{"taxonomy":"category","embeddable":true,"href":"https:\/\/innovacionygestion.net\/index.php\/wp-json\/wp\/v2\/categories?post=4891"},{"taxonomy":"post_tag","embeddable":true,"href":"https:\/\/innovacionygestion.net\/index.php\/wp-json\/wp\/v2\/tags?post=4891"}],"curies":[{"name":"wp","href":"https:\/\/api.w.org\/{rel}","templated":true}]}}