{"id":5055,"date":"2022-05-13T10:50:23","date_gmt":"2022-05-13T13:50:23","guid":{"rendered":"https:\/\/innovacionygestion.net\/?p=5055"},"modified":"2022-05-13T10:50:23","modified_gmt":"2022-05-13T13:50:23","slug":"asumio-nuevo-administrador-del-mercado-concentrador-zonal-de-eldorado","status":"publish","type":"post","link":"https:\/\/innovacionygestion.net\/index.php\/2022\/05\/13\/asumio-nuevo-administrador-del-mercado-concentrador-zonal-de-eldorado\/","title":{"rendered":"Asumi\u00f3 Nuevo Administrador del Mercado Concentrador Zonal de Eldorado."},"content":{"rendered":"<div dir=\"auto\">Esta ma\u00f1ana fue puesto en funciones el T\u00e9cnico Agr\u00f3nomo, Hugo Daniel Nu\u00f1ez como nuevo Administrador del Mercado Concentrador Zonal de Eldorado.<\/div>\n<div dir=\"auto\">Fue durante una recorrida que realiz\u00f3 el Presidente del IFAI, Roque Gervasoni\u00a0 por el Centro Comercial Junto a la vice Intendente, Olinda Tucholke,\u00a0 el Gerente de Programas y Proyectos del IFAI, Ing. Cesar Niklas y\u00a0 la emprendedora del rubro\u00a0 producci\u00f3n seda natural (Cericultor) , Carolina Butvilofsky.<\/div>\n<div dir=\"auto\">Participaron adem\u00e1s Sebastian\u00a0 Faifer Coordinador del \u00e1rea de Programas y Proyectos del IFAI, Orlando Revinski,\u00a0 el Secretario de la producci\u00f3n de la Municipalidad de Eldorado, Jorge Dold\u00e1n,\u00a0 entre otros.<\/div>\n<div dir=\"auto\">En la ocasi\u00f3n, el Administrador Hugo Nu\u00f1ez,\u00a0 agradeci\u00f3 al Gobernador Oscar Herrera Ahuad y al Presidente de la C\u00e1mara de Diputados, Carlos Rovira por la confianza depositada en su persona.<\/div>\n<div dir=\"auto\">&#8220;Es un d\u00eda muy especial para mi. Muchas de las personas que est\u00e1n aqu\u00ed, del inta, del senasa, del municipio y\u00a0 los productores principalmente, debemos valorar para fortalecer la producci\u00f3n y mejorar la calidad de vida de las familias.<\/div>\n<div dir=\"auto\">A su turno, Olinda Tucholke, Vice Intendente, felicit\u00f3 al flamante\u00a0 administrador, destac\u00f3 su persona con su compromiso con\u00a0 la comunidad y puso a disposici\u00f3n las distintas \u00e1reas del municipio para el trabajo en conjunto<\/div>\n<div dir=\"auto\">Finalmente, el titular del IFAI Roque Gervasoni\u00a0 sostuvo: &#8220;hoy venimos a poner en funciones a un hijo de Eldorado&#8221;<\/div>\n<div dir=\"auto\">Remarc\u00f3 que el pedido del Gobernador\u00a0 Oscar Herrera Ahuad, es continuar trabajando con todos los productores pero\u00a0 principalmente darle un fuerte impulso a los peque\u00f1os productores, a los que llamamos productores emergentes y en esa tarea estamos abocados a recorrer y trabajar en territorio.<\/div>\n<div dir=\"auto\"><\/div>\n<div dir=\"auto\"><\/div>\n<div dir=\"auto\"><\/div>\n","protected":false},"excerpt":{"rendered":"<p>Esta ma\u00f1ana fue puesto en funciones el T\u00e9cnico Agr\u00f3nomo, Hugo Daniel Nu\u00f1ez como nuevo Administrador<\/p>\n","protected":false},"author":2,"featured_media":5056,"comment_status":"open","ping_status":"open","sticky":false,"template":"","format":"standard","meta":{"footnotes":""},"categories":[24],"tags":[],"_links":{"self":[{"href":"https:\/\/innovacionygestion.net\/index.php\/wp-json\/wp\/v2\/posts\/5055"}],"collection":[{"href":"https:\/\/innovacionygestion.net\/index.php\/wp-json\/wp\/v2\/posts"}],"about":[{"href":"https:\/\/innovacionygestion.net\/index.php\/wp-json\/wp\/v2\/types\/post"}],"author":[{"embeddable":true,"href":"https:\/\/innovacionygestion.net\/index.php\/wp-json\/wp\/v2\/users\/2"}],"replies":[{"embeddable":true,"href":"https:\/\/innovacionygestion.net\/index.php\/wp-json\/wp\/v2\/comments?post=5055"}],"version-history":[{"count":1,"href":"https:\/\/innovacionygestion.net\/index.php\/wp-json\/wp\/v2\/posts\/5055\/revisions"}],"predecessor-version":[{"id":5057,"href":"https:\/\/innovacionygestion.net\/index.php\/wp-json\/wp\/v2\/posts\/5055\/revisions\/5057"}],"wp:featuredmedia":[{"embeddable":true,"href":"https:\/\/innovacionygestion.net\/index.php\/wp-json\/wp\/v2\/media\/5056"}],"wp:attachment":[{"href":"https:\/\/innovacionygestion.net\/index.php\/wp-json\/wp\/v2\/media?parent=5055"}],"wp:term":[{"taxonomy":"category","embeddable":true,"href":"https:\/\/innovacionygestion.net\/index.php\/wp-json\/wp\/v2\/categories?post=5055"},{"taxonomy":"post_tag","embeddable":true,"href":"https:\/\/innovacionygestion.net\/index.php\/wp-json\/wp\/v2\/tags?post=5055"}],"curies":[{"name":"wp","href":"https:\/\/api.w.org\/{rel}","templated":true}]}}