{"id":513,"date":"2020-01-13T08:43:30","date_gmt":"2020-01-13T11:43:30","guid":{"rendered":"https:\/\/innovacionygestion.net\/?p=513"},"modified":"2020-01-13T08:43:30","modified_gmt":"2020-01-13T11:43:30","slug":"obera-extreman-medidas-para-prevenir-el-dengue","status":"publish","type":"post","link":"https:\/\/innovacionygestion.net\/index.php\/2020\/01\/13\/obera-extreman-medidas-para-prevenir-el-dengue\/","title":{"rendered":"Ober\u00e1: extreman medidas para prevenir el dengue"},"content":{"rendered":"<div>\u201cEstamos alerta por el tema del dengue, ya que hay mucho movimiento de gente y los pa\u00edses vecinos cuentan con muchos casos\u201d, indic\u00f3 a El Territorio Herbert Castellanos, director de Saneamiento Ambiental de la Municipalidad de Ober\u00e1.<\/div>\n<div><\/div>\n<div>El funcionario mencion\u00f3 que durante el a\u00f1o pasado trabajaron en la descacharrizaci\u00f3n, mientras que la semana pasada realizaron la fumigaci\u00f3n espacial de ocho manzanas del barrio Sapucay, donde se detect\u00f3 el primer caso del 2020.<\/div>\n<div>Fuente: Diario El Territorio<\/div>\n","protected":false},"excerpt":{"rendered":"<p>\u201cEstamos alerta por el tema del dengue, ya que hay mucho movimiento de gente y<\/p>\n","protected":false},"author":2,"featured_media":514,"comment_status":"open","ping_status":"open","sticky":false,"template":"","format":"standard","meta":{"footnotes":""},"categories":[3],"tags":[],"_links":{"self":[{"href":"https:\/\/innovacionygestion.net\/index.php\/wp-json\/wp\/v2\/posts\/513"}],"collection":[{"href":"https:\/\/innovacionygestion.net\/index.php\/wp-json\/wp\/v2\/posts"}],"about":[{"href":"https:\/\/innovacionygestion.net\/index.php\/wp-json\/wp\/v2\/types\/post"}],"author":[{"embeddable":true,"href":"https:\/\/innovacionygestion.net\/index.php\/wp-json\/wp\/v2\/users\/2"}],"replies":[{"embeddable":true,"href":"https:\/\/innovacionygestion.net\/index.php\/wp-json\/wp\/v2\/comments?post=513"}],"version-history":[{"count":1,"href":"https:\/\/innovacionygestion.net\/index.php\/wp-json\/wp\/v2\/posts\/513\/revisions"}],"predecessor-version":[{"id":515,"href":"https:\/\/innovacionygestion.net\/index.php\/wp-json\/wp\/v2\/posts\/513\/revisions\/515"}],"wp:featuredmedia":[{"embeddable":true,"href":"https:\/\/innovacionygestion.net\/index.php\/wp-json\/wp\/v2\/media\/514"}],"wp:attachment":[{"href":"https:\/\/innovacionygestion.net\/index.php\/wp-json\/wp\/v2\/media?parent=513"}],"wp:term":[{"taxonomy":"category","embeddable":true,"href":"https:\/\/innovacionygestion.net\/index.php\/wp-json\/wp\/v2\/categories?post=513"},{"taxonomy":"post_tag","embeddable":true,"href":"https:\/\/innovacionygestion.net\/index.php\/wp-json\/wp\/v2\/tags?post=513"}],"curies":[{"name":"wp","href":"https:\/\/api.w.org\/{rel}","templated":true}]}}