{"id":5361,"date":"2022-08-24T08:47:59","date_gmt":"2022-08-24T11:47:59","guid":{"rendered":"https:\/\/innovacionygestion.net\/?p=5361"},"modified":"2022-08-24T08:47:59","modified_gmt":"2022-08-24T11:47:59","slug":"el-gobernador-entrego-subsidios-a-entidades-civiles-religiosas-y-deportivas-de-la-provincia","status":"publish","type":"post","link":"https:\/\/innovacionygestion.net\/index.php\/2022\/08\/24\/el-gobernador-entrego-subsidios-a-entidades-civiles-religiosas-y-deportivas-de-la-provincia\/","title":{"rendered":"EL GOBERNADOR ENTREG\u00d3 SUBSIDIOS A ENTIDADES CIVILES, RELIGIOSAS Y DEPORTIVAS DE LA PROVINCIA"},"content":{"rendered":"<div class=\"m8h3af8h l7ghb35v kjdc1dyq kmwttqpk gh25dzvf n3t5jt4f\">\n<div dir=\"auto\">El Ministro Adolfo Safr\u00e1n public\u00f3 en redes sociales:<\/div>\n<div dir=\"auto\">D\u00edas atr\u00e1s acompa\u00f1\u00e9 al gobernador <a class=\"qi72231t nu7423ey n3hqoq4p r86q59rh b3qcqh3k fq87ekyn bdao358l fsf7x5fv rse6dlih s5oniofx m8h3af8h l7ghb35v kjdc1dyq kmwttqpk srn514ro oxkhqvkx rl78xhln nch0832m cr00lzj9 rn8ck1ys s3jn8y49 icdlwmnq cxfqmxzd d1w2l3lo tes86rjd\" tabindex=\"0\" role=\"link\" href=\"https:\/\/www.facebook.com\/OscarHerreraAhuad?__cft__[0]=AZXLlMf5XbVsSn2kq04Z34pSX6XKQRv-EBZXeEtd5sOEF-c_Lht-Q83ry8HZW8_aXEaq4EbGzOpuvWdgVmdWI9OVmzwwyhnO5V55lQpEba0Ut4XvcTUnuJCLJ6tMv50LLZjg2IX6VBIIUkhJUdVNlfDLT9gVPqvGscG6Kr4ylInJifDLNlSdKsLvSELcsReiNC43zyDQkebgUjatzW4LilUY&amp;__tn__=-]K-y-R\"><span class=\"rse6dlih\">Oscar Herrera Ahuad<\/span><\/a> durante la entrega de subsidios a distintas entidades de la Provincia. Estos recursos fueron destinados a organizaciones civiles y religiosas, a empresas que prestan servicio de conexi\u00f3n a internet en el interior para que realicen inversiones en varias localidades, y tambi\u00e9n subsidios destinados a las Ferias Francas.<\/div>\n<\/div>\n<div class=\"l7ghb35v kjdc1dyq kmwttqpk gh25dzvf jikcssrz n3t5jt4f\">\n<div dir=\"auto\">Recibieron Aportes no Reintegrables (ANR) la Asociaci\u00f3n Civil Feria Franca de Misiones, la Asociaci\u00f3n Civil de Ferias Francas de Posadas y la Asociaci\u00f3n Civil Feria Franca de San Vicente. Dichas asociaciones aglutinan el trabajo de casi 2 mil familias de productores rurales. Los fondos aportados por el Gobierno provincial estar\u00e1n destinados a fortalecer la infraestructura de las ferias, y adquirir insumos y equipamientos que permitan fortalecer la log\u00edstica y conservaci\u00f3n de los productos.<\/div>\n<\/div>\n<div class=\"l7ghb35v kjdc1dyq kmwttqpk gh25dzvf jikcssrz n3t5jt4f\">\n<div dir=\"auto\">Por su parte, las otras entidades beneficiadas fueron el Obispado de Puerto Iguaz\u00fa, la Asociaci\u00f3n Parroquia Santa Teresita, la Federaci\u00f3n Misionera de Bomberos Voluntarios, la Cooperativa de Trabajo Futuro Limitada, la Cooperativa de Provisi\u00f3n de Servicios de Comunicaciones Teracoop, Fundaci\u00f3n \u00d1ande Reko Ha, la Fundaci\u00f3n M\u00edrame de la localidad de San Pedro, la Federaci\u00f3n de Ajedrez y la Federaci\u00f3n de Arco y Flecha. En cada caso, los aportes ser\u00e1n destinados a realizar mejoras estructurales y de servicios en los espacios de las entidades beneficiarias, as\u00ed como la compra de equipos y medios de transporte que permitan mejorar los distintos servicios que brindan a la comunidad.<\/div>\n<\/div>\n<div class=\"l7ghb35v kjdc1dyq kmwttqpk gh25dzvf jikcssrz n3t5jt4f\">\n<div dir=\"auto\">Quiero destacar el acompa\u00f1amiento constante de la Legislatura provincial, y su presidente, el ingeniero <a class=\"qi72231t nu7423ey n3hqoq4p r86q59rh b3qcqh3k fq87ekyn bdao358l fsf7x5fv rse6dlih s5oniofx m8h3af8h l7ghb35v kjdc1dyq kmwttqpk srn514ro oxkhqvkx rl78xhln nch0832m cr00lzj9 rn8ck1ys s3jn8y49 icdlwmnq cxfqmxzd d1w2l3lo tes86rjd\" tabindex=\"0\" role=\"link\" href=\"https:\/\/www.facebook.com\/carloserovira?__cft__[0]=AZXLlMf5XbVsSn2kq04Z34pSX6XKQRv-EBZXeEtd5sOEF-c_Lht-Q83ry8HZW8_aXEaq4EbGzOpuvWdgVmdWI9OVmzwwyhnO5V55lQpEba0Ut4XvcTUnuJCLJ6tMv50LLZjg2IX6VBIIUkhJUdVNlfDLT9gVPqvGscG6Kr4ylInJifDLNlSdKsLvSELcsReiNC43zyDQkebgUjatzW4LilUY&amp;__tn__=-]K-y-R\"><span class=\"rse6dlih\">Carlos Eduardo Rovira<\/span><\/a> que todos los a\u00f1os permite incluir en la Ley de Presupuesto esta n\u00f3mina de entidades que reciben el acompa\u00f1amiento del <a class=\"qi72231t nu7423ey n3hqoq4p r86q59rh b3qcqh3k fq87ekyn bdao358l fsf7x5fv rse6dlih s5oniofx m8h3af8h l7ghb35v kjdc1dyq kmwttqpk srn514ro oxkhqvkx rl78xhln nch0832m cr00lzj9 rn8ck1ys s3jn8y49 icdlwmnq cxfqmxzd d1w2l3lo tes86rjd\" tabindex=\"0\" role=\"link\" href=\"https:\/\/www.facebook.com\/GobiernoDeMisiones?__cft__[0]=AZXLlMf5XbVsSn2kq04Z34pSX6XKQRv-EBZXeEtd5sOEF-c_Lht-Q83ry8HZW8_aXEaq4EbGzOpuvWdgVmdWI9OVmzwwyhnO5V55lQpEba0Ut4XvcTUnuJCLJ6tMv50LLZjg2IX6VBIIUkhJUdVNlfDLT9gVPqvGscG6Kr4ylInJifDLNlSdKsLvSELcsReiNC43zyDQkebgUjatzW4LilUY&amp;__tn__=-]K-y-R\"><span class=\"rse6dlih\">Gobierno de Misiones<\/span><\/a> en el valioso trabajo que llevan adelante en sus respectivas localidades, trabajo que realizan ad honorem y representa un gran servicio a la comunidad.<\/div>\n<\/div>\n<div class=\"l7ghb35v kjdc1dyq kmwttqpk gh25dzvf jikcssrz n3t5jt4f\">\n<div dir=\"auto\">Durante el acto tambi\u00e9n se entregaron los primeros cr\u00e9ditos del programa \u201cMi Primer Secadero\u201d, destinados a peque\u00f1os productores forestales para la construcci\u00f3n de un secadero que les permitir\u00e1 reducir los tiempos de secado, aumentar el valor de su producci\u00f3n y mejorar su competitividad. Si bien exist\u00eda una l\u00ednea de cr\u00e9dito otorgada por el Fondo Nacional de Desarrollo Productivo (FONDEP), muchos emprendimientos no lograban reunir los requisitos para acceder y desde el Gobierno provincial se decidi\u00f3 crear esta herramienta para asistirlos y que puedan tomar un cr\u00e9dito del Banco Macro, a quien agradecemos por el constante acompa\u00f1amiento. Con un aval que les da la Provincia a trav\u00e9s del <a class=\"qi72231t nu7423ey n3hqoq4p r86q59rh b3qcqh3k fq87ekyn bdao358l fsf7x5fv rse6dlih s5oniofx m8h3af8h l7ghb35v kjdc1dyq kmwttqpk srn514ro oxkhqvkx rl78xhln nch0832m cr00lzj9 rn8ck1ys s3jn8y49 icdlwmnq cxfqmxzd d1w2l3lo tes86rjd\" tabindex=\"0\" role=\"link\" href=\"https:\/\/www.facebook.com\/IFAIMisiones?__cft__[0]=AZXLlMf5XbVsSn2kq04Z34pSX6XKQRv-EBZXeEtd5sOEF-c_Lht-Q83ry8HZW8_aXEaq4EbGzOpuvWdgVmdWI9OVmzwwyhnO5V55lQpEba0Ut4XvcTUnuJCLJ6tMv50LLZjg2IX6VBIIUkhJUdVNlfDLT9gVPqvGscG6Kr4ylInJifDLNlSdKsLvSELcsReiNC43zyDQkebgUjatzW4LilUY&amp;__tn__=-]K-y-R\"><span class=\"rse6dlih\">IFAI &#8211; Instituto de Fomento Agropecuario e Industrial<\/span><\/a>, califican para acceder a un cr\u00e9dito con tasa subsidiada que se destina a la construcci\u00f3n de un modelo de secadero de madera de 50m3. Los beneficiarios de esta medida reciben adem\u00e1s la asistencia t\u00e9cnica del equipo del <a class=\"qi72231t nu7423ey n3hqoq4p r86q59rh b3qcqh3k fq87ekyn bdao358l fsf7x5fv rse6dlih s5oniofx m8h3af8h l7ghb35v kjdc1dyq kmwttqpk srn514ro oxkhqvkx rl78xhln nch0832m cr00lzj9 rn8ck1ys s3jn8y49 icdlwmnq cxfqmxzd d1w2l3lo tes86rjd\" tabindex=\"0\" role=\"link\" href=\"https:\/\/www.facebook.com\/ministeriodeindustriamisiones?__cft__[0]=AZXLlMf5XbVsSn2kq04Z34pSX6XKQRv-EBZXeEtd5sOEF-c_Lht-Q83ry8HZW8_aXEaq4EbGzOpuvWdgVmdWI9OVmzwwyhnO5V55lQpEba0Ut4XvcTUnuJCLJ6tMv50LLZjg2IX6VBIIUkhJUdVNlfDLT9gVPqvGscG6Kr4ylInJifDLNlSdKsLvSELcsReiNC43zyDQkebgUjatzW4LilUY&amp;__tn__=-]K-y-R\"><span class=\"rse6dlih\">Ministerio de Industria<\/span><\/a> para la ejecuci\u00f3n y puesta en funcionamiento. En esta oportunidad, los primeros beneficiarios que recibieron el cr\u00e9dito llegaron desde Puerto Rico, Ruiz de Montoya, Garuhap\u00e9 y San Jos\u00e9.<\/div>\n<\/div>\n<div class=\"l7ghb35v kjdc1dyq kmwttqpk gh25dzvf jikcssrz n3t5jt4f\">\n<div dir=\"auto\">Participaron del acto el ministro de Industria, Nicol\u00e1s Trevis\u00e1n; <a class=\"qi72231t nu7423ey n3hqoq4p r86q59rh b3qcqh3k fq87ekyn bdao358l fsf7x5fv rse6dlih s5oniofx m8h3af8h l7ghb35v kjdc1dyq kmwttqpk srn514ro oxkhqvkx rl78xhln nch0832m cr00lzj9 rn8ck1ys s3jn8y49 icdlwmnq cxfqmxzd d1w2l3lo tes86rjd\" tabindex=\"0\" role=\"link\" href=\"https:\/\/www.facebook.com\/RicardoWellbachok?__cft__[0]=AZXLlMf5XbVsSn2kq04Z34pSX6XKQRv-EBZXeEtd5sOEF-c_Lht-Q83ry8HZW8_aXEaq4EbGzOpuvWdgVmdWI9OVmzwwyhnO5V55lQpEba0Ut4XvcTUnuJCLJ6tMv50LLZjg2IX6VBIIUkhJUdVNlfDLT9gVPqvGscG6Kr4ylInJifDLNlSdKsLvSELcsReiNC43zyDQkebgUjatzW4LilUY&amp;__tn__=-]K-y-R\"><span class=\"rse6dlih\">Ricardo Wellbach Ministro Coordinador de Gabinete de Misiones<\/span><\/a>; la ministra de <a class=\"qi72231t nu7423ey n3hqoq4p r86q59rh b3qcqh3k fq87ekyn bdao358l fsf7x5fv rse6dlih s5oniofx m8h3af8h l7ghb35v kjdc1dyq kmwttqpk srn514ro oxkhqvkx rl78xhln nch0832m cr00lzj9 rn8ck1ys s3jn8y49 icdlwmnq cxfqmxzd d1w2l3lo tes86rjd\" tabindex=\"0\" role=\"link\" href=\"https:\/\/www.facebook.com\/MinAgriFam?__cft__[0]=AZXLlMf5XbVsSn2kq04Z34pSX6XKQRv-EBZXeEtd5sOEF-c_Lht-Q83ry8HZW8_aXEaq4EbGzOpuvWdgVmdWI9OVmzwwyhnO5V55lQpEba0Ut4XvcTUnuJCLJ6tMv50LLZjg2IX6VBIIUkhJUdVNlfDLT9gVPqvGscG6Kr4ylInJifDLNlSdKsLvSELcsReiNC43zyDQkebgUjatzW4LilUY&amp;__tn__=-]K-y-R\"><span class=\"rse6dlih\">Ministerio de Agricultura Familiar Misiones<\/span><\/a>, Marta Ferreira; el ministro de <a class=\"qi72231t nu7423ey n3hqoq4p r86q59rh b3qcqh3k fq87ekyn bdao358l fsf7x5fv rse6dlih s5oniofx m8h3af8h l7ghb35v kjdc1dyq kmwttqpk srn514ro oxkhqvkx rl78xhln nch0832m cr00lzj9 rn8ck1ys s3jn8y49 icdlwmnq cxfqmxzd d1w2l3lo tes86rjd\" tabindex=\"0\" role=\"link\" href=\"https:\/\/www.facebook.com\/ministeriodeportesmisiones?__cft__[0]=AZXLlMf5XbVsSn2kq04Z34pSX6XKQRv-EBZXeEtd5sOEF-c_Lht-Q83ry8HZW8_aXEaq4EbGzOpuvWdgVmdWI9OVmzwwyhnO5V55lQpEba0Ut4XvcTUnuJCLJ6tMv50LLZjg2IX6VBIIUkhJUdVNlfDLT9gVPqvGscG6Kr4ylInJifDLNlSdKsLvSELcsReiNC43zyDQkebgUjatzW4LilUY&amp;__tn__=-]K-y-R\"><span class=\"rse6dlih\">Ministerio de Deportes de la provincia de Misiones<\/span><\/a>, H\u00e9ctor Javier Corti; el diputado provincial, <a class=\"qi72231t nu7423ey n3hqoq4p r86q59rh b3qcqh3k fq87ekyn bdao358l fsf7x5fv rse6dlih s5oniofx m8h3af8h l7ghb35v kjdc1dyq kmwttqpk srn514ro oxkhqvkx rl78xhln nch0832m cr00lzj9 rn8ck1ys s3jn8y49 icdlwmnq cxfqmxzd d1w2l3lo tes86rjd\" tabindex=\"0\" role=\"link\" href=\"https:\/\/www.facebook.com\/lucasromerospineli?__cft__[0]=AZXLlMf5XbVsSn2kq04Z34pSX6XKQRv-EBZXeEtd5sOEF-c_Lht-Q83ry8HZW8_aXEaq4EbGzOpuvWdgVmdWI9OVmzwwyhnO5V55lQpEba0Ut4XvcTUnuJCLJ6tMv50LLZjg2IX6VBIIUkhJUdVNlfDLT9gVPqvGscG6Kr4ylInJifDLNlSdKsLvSELcsReiNC43zyDQkebgUjatzW4LilUY&amp;__tn__=-]K-y-R\"><span class=\"rse6dlih\">Lucas Romero Spinelli<\/span><\/a>; el presidente del IFAI, Roque Gervasoni; y el gerente del Banco Macro, Miguel Ayala.<\/div>\n<\/div>\n<div class=\"l7ghb35v kjdc1dyq kmwttqpk gh25dzvf jikcssrz n3t5jt4f\">\n<div dir=\"auto\"><a class=\"qi72231t nu7423ey n3hqoq4p r86q59rh b3qcqh3k fq87ekyn bdao358l fsf7x5fv rse6dlih s5oniofx m8h3af8h l7ghb35v kjdc1dyq kmwttqpk srn514ro oxkhqvkx rl78xhln nch0832m cr00lzj9 rn8ck1ys s3jn8y49 icdlwmnq cxfqmxzd d1w2l3lo tes86rjd\" tabindex=\"0\" role=\"link\" href=\"https:\/\/www.facebook.com\/hashtag\/subsidios?__eep__=6&amp;__cft__[0]=AZXLlMf5XbVsSn2kq04Z34pSX6XKQRv-EBZXeEtd5sOEF-c_Lht-Q83ry8HZW8_aXEaq4EbGzOpuvWdgVmdWI9OVmzwwyhnO5V55lQpEba0Ut4XvcTUnuJCLJ6tMv50LLZjg2IX6VBIIUkhJUdVNlfDLT9gVPqvGscG6Kr4ylInJifDLNlSdKsLvSELcsReiNC43zyDQkebgUjatzW4LilUY&amp;__tn__=*NK-y-R\">#Subsidios<\/a> <a class=\"qi72231t nu7423ey n3hqoq4p r86q59rh b3qcqh3k fq87ekyn bdao358l fsf7x5fv rse6dlih s5oniofx m8h3af8h l7ghb35v kjdc1dyq kmwttqpk srn514ro oxkhqvkx rl78xhln nch0832m cr00lzj9 rn8ck1ys s3jn8y49 icdlwmnq cxfqmxzd d1w2l3lo tes86rjd\" tabindex=\"0\" role=\"link\" href=\"https:\/\/www.facebook.com\/hashtag\/entidadesciviles?__eep__=6&amp;__cft__[0]=AZXLlMf5XbVsSn2kq04Z34pSX6XKQRv-EBZXeEtd5sOEF-c_Lht-Q83ry8HZW8_aXEaq4EbGzOpuvWdgVmdWI9OVmzwwyhnO5V55lQpEba0Ut4XvcTUnuJCLJ6tMv50LLZjg2IX6VBIIUkhJUdVNlfDLT9gVPqvGscG6Kr4ylInJifDLNlSdKsLvSELcsReiNC43zyDQkebgUjatzW4LilUY&amp;__tn__=*NK-y-R\">#EntidadesCiviles<\/a> <a class=\"qi72231t nu7423ey n3hqoq4p r86q59rh b3qcqh3k fq87ekyn bdao358l fsf7x5fv rse6dlih s5oniofx m8h3af8h l7ghb35v kjdc1dyq kmwttqpk srn514ro oxkhqvkx rl78xhln nch0832m cr00lzj9 rn8ck1ys s3jn8y49 icdlwmnq cxfqmxzd d1w2l3lo tes86rjd\" tabindex=\"0\" role=\"link\" href=\"https:\/\/www.facebook.com\/hashtag\/religi%C3%B3n?__eep__=6&amp;__cft__[0]=AZXLlMf5XbVsSn2kq04Z34pSX6XKQRv-EBZXeEtd5sOEF-c_Lht-Q83ry8HZW8_aXEaq4EbGzOpuvWdgVmdWI9OVmzwwyhnO5V55lQpEba0Ut4XvcTUnuJCLJ6tMv50LLZjg2IX6VBIIUkhJUdVNlfDLT9gVPqvGscG6Kr4ylInJifDLNlSdKsLvSELcsReiNC43zyDQkebgUjatzW4LilUY&amp;__tn__=*NK-y-R\">#Religi\u00f3n<\/a> <a class=\"qi72231t nu7423ey n3hqoq4p r86q59rh b3qcqh3k fq87ekyn bdao358l fsf7x5fv rse6dlih s5oniofx m8h3af8h l7ghb35v kjdc1dyq kmwttqpk srn514ro oxkhqvkx rl78xhln nch0832m cr00lzj9 rn8ck1ys s3jn8y49 icdlwmnq cxfqmxzd d1w2l3lo tes86rjd\" tabindex=\"0\" role=\"link\" href=\"https:\/\/www.facebook.com\/hashtag\/deporte?__eep__=6&amp;__cft__[0]=AZXLlMf5XbVsSn2kq04Z34pSX6XKQRv-EBZXeEtd5sOEF-c_Lht-Q83ry8HZW8_aXEaq4EbGzOpuvWdgVmdWI9OVmzwwyhnO5V55lQpEba0Ut4XvcTUnuJCLJ6tMv50LLZjg2IX6VBIIUkhJUdVNlfDLT9gVPqvGscG6Kr4ylInJifDLNlSdKsLvSELcsReiNC43zyDQkebgUjatzW4LilUY&amp;__tn__=*NK-y-R\">#Deporte<\/a> <a class=\"qi72231t nu7423ey n3hqoq4p r86q59rh b3qcqh3k fq87ekyn bdao358l fsf7x5fv rse6dlih s5oniofx m8h3af8h l7ghb35v kjdc1dyq kmwttqpk srn514ro oxkhqvkx rl78xhln nch0832m cr00lzj9 rn8ck1ys s3jn8y49 icdlwmnq cxfqmxzd d1w2l3lo tes86rjd\" tabindex=\"0\" role=\"link\" href=\"https:\/\/www.facebook.com\/hashtag\/miprimersecadero?__eep__=6&amp;__cft__[0]=AZXLlMf5XbVsSn2kq04Z34pSX6XKQRv-EBZXeEtd5sOEF-c_Lht-Q83ry8HZW8_aXEaq4EbGzOpuvWdgVmdWI9OVmzwwyhnO5V55lQpEba0Ut4XvcTUnuJCLJ6tMv50LLZjg2IX6VBIIUkhJUdVNlfDLT9gVPqvGscG6Kr4ylInJifDLNlSdKsLvSELcsReiNC43zyDQkebgUjatzW4LilUY&amp;__tn__=*NK-y-R\">#MiPrimerSecadero<\/a> <a class=\"qi72231t nu7423ey n3hqoq4p r86q59rh b3qcqh3k fq87ekyn bdao358l fsf7x5fv rse6dlih s5oniofx m8h3af8h l7ghb35v kjdc1dyq kmwttqpk srn514ro oxkhqvkx rl78xhln nch0832m cr00lzj9 rn8ck1ys s3jn8y49 icdlwmnq cxfqmxzd d1w2l3lo tes86rjd\" tabindex=\"0\" role=\"link\" href=\"https:\/\/www.facebook.com\/hashtag\/industriamisiones?__eep__=6&amp;__cft__[0]=AZXLlMf5XbVsSn2kq04Z34pSX6XKQRv-EBZXeEtd5sOEF-c_Lht-Q83ry8HZW8_aXEaq4EbGzOpuvWdgVmdWI9OVmzwwyhnO5V55lQpEba0Ut4XvcTUnuJCLJ6tMv50LLZjg2IX6VBIIUkhJUdVNlfDLT9gVPqvGscG6Kr4ylInJifDLNlSdKsLvSELcsReiNC43zyDQkebgUjatzW4LilUY&amp;__tn__=*NK-y-R\">#IndustriaMisiones<\/a> <a class=\"qi72231t nu7423ey n3hqoq4p r86q59rh b3qcqh3k fq87ekyn bdao358l fsf7x5fv rse6dlih s5oniofx m8h3af8h l7ghb35v kjdc1dyq kmwttqpk srn514ro oxkhqvkx rl78xhln nch0832m cr00lzj9 rn8ck1ys s3jn8y49 icdlwmnq cxfqmxzd d1w2l3lo tes86rjd\" tabindex=\"0\" role=\"link\" href=\"https:\/\/www.facebook.com\/hashtag\/misiones?__eep__=6&amp;__cft__[0]=AZXLlMf5XbVsSn2kq04Z34pSX6XKQRv-EBZXeEtd5sOEF-c_Lht-Q83ry8HZW8_aXEaq4EbGzOpuvWdgVmdWI9OVmzwwyhnO5V55lQpEba0Ut4XvcTUnuJCLJ6tMv50LLZjg2IX6VBIIUkhJUdVNlfDLT9gVPqvGscG6Kr4ylInJifDLNlSdKsLvSELcsReiNC43zyDQkebgUjatzW4LilUY&amp;__tn__=*NK-y-R\">#Misiones<\/a> <a class=\"qi72231t nu7423ey n3hqoq4p r86q59rh b3qcqh3k fq87ekyn bdao358l fsf7x5fv rse6dlih s5oniofx m8h3af8h l7ghb35v kjdc1dyq kmwttqpk srn514ro oxkhqvkx rl78xhln nch0832m cr00lzj9 rn8ck1ys s3jn8y49 icdlwmnq cxfqmxzd d1w2l3lo tes86rjd\" tabindex=\"0\" role=\"link\" href=\"https:\/\/www.facebook.com\/hashtag\/primeromisiones?__eep__=6&amp;__cft__[0]=AZXLlMf5XbVsSn2kq04Z34pSX6XKQRv-EBZXeEtd5sOEF-c_Lht-Q83ry8HZW8_aXEaq4EbGzOpuvWdgVmdWI9OVmzwwyhnO5V55lQpEba0Ut4XvcTUnuJCLJ6tMv50LLZjg2IX6VBIIUkhJUdVNlfDLT9gVPqvGscG6Kr4ylInJifDLNlSdKsLvSELcsReiNC43zyDQkebgUjatzW4LilUY&amp;__tn__=*NK-y-R\">#PrimeroMisiones<\/a> <a class=\"qi72231t nu7423ey n3hqoq4p r86q59rh b3qcqh3k fq87ekyn bdao358l fsf7x5fv rse6dlih s5oniofx m8h3af8h l7ghb35v kjdc1dyq kmwttqpk srn514ro oxkhqvkx rl78xhln nch0832m cr00lzj9 rn8ck1ys s3jn8y49 icdlwmnq cxfqmxzd d1w2l3lo tes86rjd\" tabindex=\"0\" role=\"link\" href=\"https:\/\/www.facebook.com\/hashtag\/misionesavanza?__eep__=6&amp;__cft__[0]=AZXLlMf5XbVsSn2kq04Z34pSX6XKQRv-EBZXeEtd5sOEF-c_Lht-Q83ry8HZW8_aXEaq4EbGzOpuvWdgVmdWI9OVmzwwyhnO5V55lQpEba0Ut4XvcTUnuJCLJ6tMv50LLZjg2IX6VBIIUkhJUdVNlfDLT9gVPqvGscG6Kr4ylInJifDLNlSdKsLvSELcsReiNC43zyDQkebgUjatzW4LilUY&amp;__tn__=*NK-y-R\">#MisionesAvanza<\/a><\/div>\n<\/div>\n","protected":false},"excerpt":{"rendered":"<p>El Ministro Adolfo Safr\u00e1n public\u00f3 en redes sociales: D\u00edas atr\u00e1s acompa\u00f1\u00e9 al gobernador Oscar Herrera<\/p>\n","protected":false},"author":2,"featured_media":5362,"comment_status":"open","ping_status":"open","sticky":false,"template":"","format":"standard","meta":{"footnotes":""},"categories":[24],"tags":[],"_links":{"self":[{"href":"https:\/\/innovacionygestion.net\/index.php\/wp-json\/wp\/v2\/posts\/5361"}],"collection":[{"href":"https:\/\/innovacionygestion.net\/index.php\/wp-json\/wp\/v2\/posts"}],"about":[{"href":"https:\/\/innovacionygestion.net\/index.php\/wp-json\/wp\/v2\/types\/post"}],"author":[{"embeddable":true,"href":"https:\/\/innovacionygestion.net\/index.php\/wp-json\/wp\/v2\/users\/2"}],"replies":[{"embeddable":true,"href":"https:\/\/innovacionygestion.net\/index.php\/wp-json\/wp\/v2\/comments?post=5361"}],"version-history":[{"count":1,"href":"https:\/\/innovacionygestion.net\/index.php\/wp-json\/wp\/v2\/posts\/5361\/revisions"}],"predecessor-version":[{"id":5363,"href":"https:\/\/innovacionygestion.net\/index.php\/wp-json\/wp\/v2\/posts\/5361\/revisions\/5363"}],"wp:featuredmedia":[{"embeddable":true,"href":"https:\/\/innovacionygestion.net\/index.php\/wp-json\/wp\/v2\/media\/5362"}],"wp:attachment":[{"href":"https:\/\/innovacionygestion.net\/index.php\/wp-json\/wp\/v2\/media?parent=5361"}],"wp:term":[{"taxonomy":"category","embeddable":true,"href":"https:\/\/innovacionygestion.net\/index.php\/wp-json\/wp\/v2\/categories?post=5361"},{"taxonomy":"post_tag","embeddable":true,"href":"https:\/\/innovacionygestion.net\/index.php\/wp-json\/wp\/v2\/tags?post=5361"}],"curies":[{"name":"wp","href":"https:\/\/api.w.org\/{rel}","templated":true}]}}