{"id":5423,"date":"2022-09-02T09:06:03","date_gmt":"2022-09-02T12:06:03","guid":{"rendered":"https:\/\/innovacionygestion.net\/?p=5423"},"modified":"2022-09-02T09:06:03","modified_gmt":"2022-09-02T12:06:03","slug":"el-instituto-de-prevision-social-de-misiones-se-suma-al-feriado-nacional","status":"publish","type":"post","link":"https:\/\/innovacionygestion.net\/index.php\/2022\/09\/02\/el-instituto-de-prevision-social-de-misiones-se-suma-al-feriado-nacional\/","title":{"rendered":"El Instituto de Previsi\u00f3n Social de Misiones se suma al Feriado Nacional"},"content":{"rendered":"<p>El Instituto de Previsi\u00f3n Social de Misiones se suma al Feriado Nacional decretado por el Presidente Alberto Fern\u00e1ndez y adherido por el Gobernador de Misiones, Dr. Oscar Herrera Ahuad, en repudio por el atentado a la Vicepresidenta Cristina Kirchner.<\/p>\n<p>Informamos que estar\u00e1n activas las Guardias m\u00ednimas en las \u00e1reas indispensables.<\/p>\n","protected":false},"excerpt":{"rendered":"<p>El Instituto de Previsi\u00f3n Social de Misiones se suma al Feriado Nacional decretado por el<\/p>\n","protected":false},"author":2,"featured_media":5426,"comment_status":"open","ping_status":"open","sticky":false,"template":"","format":"standard","meta":{"footnotes":""},"categories":[29,31],"tags":[],"_links":{"self":[{"href":"https:\/\/innovacionygestion.net\/index.php\/wp-json\/wp\/v2\/posts\/5423"}],"collection":[{"href":"https:\/\/innovacionygestion.net\/index.php\/wp-json\/wp\/v2\/posts"}],"about":[{"href":"https:\/\/innovacionygestion.net\/index.php\/wp-json\/wp\/v2\/types\/post"}],"author":[{"embeddable":true,"href":"https:\/\/innovacionygestion.net\/index.php\/wp-json\/wp\/v2\/users\/2"}],"replies":[{"embeddable":true,"href":"https:\/\/innovacionygestion.net\/index.php\/wp-json\/wp\/v2\/comments?post=5423"}],"version-history":[{"count":1,"href":"https:\/\/innovacionygestion.net\/index.php\/wp-json\/wp\/v2\/posts\/5423\/revisions"}],"predecessor-version":[{"id":5427,"href":"https:\/\/innovacionygestion.net\/index.php\/wp-json\/wp\/v2\/posts\/5423\/revisions\/5427"}],"wp:featuredmedia":[{"embeddable":true,"href":"https:\/\/innovacionygestion.net\/index.php\/wp-json\/wp\/v2\/media\/5426"}],"wp:attachment":[{"href":"https:\/\/innovacionygestion.net\/index.php\/wp-json\/wp\/v2\/media?parent=5423"}],"wp:term":[{"taxonomy":"category","embeddable":true,"href":"https:\/\/innovacionygestion.net\/index.php\/wp-json\/wp\/v2\/categories?post=5423"},{"taxonomy":"post_tag","embeddable":true,"href":"https:\/\/innovacionygestion.net\/index.php\/wp-json\/wp\/v2\/tags?post=5423"}],"curies":[{"name":"wp","href":"https:\/\/api.w.org\/{rel}","templated":true}]}}