{"id":5574,"date":"2022-10-07T10:37:02","date_gmt":"2022-10-07T13:37:02","guid":{"rendered":"https:\/\/innovacionygestion.net\/?p=5574"},"modified":"2022-10-07T10:37:02","modified_gmt":"2022-10-07T13:37:02","slug":"el-ifai-continua-con-politicas-de-desarrollo-en-mojon-grande","status":"publish","type":"post","link":"https:\/\/innovacionygestion.net\/index.php\/2022\/10\/07\/el-ifai-continua-con-politicas-de-desarrollo-en-mojon-grande\/","title":{"rendered":"EL IFAI CONTINUA CON POLITICAS DE DESARROLLO EN MOJ\u00d3N GRANDE"},"content":{"rendered":"<p>El mes de Octubre llego colmado de trabajo en el Instituto de Fomento Agropecuario e Industrial con asistencia financiera a emprendedores y productores de la provincia de misiones con visitas, Programas de capacitaciones, seguimientos en \u201cHuertas Agroecol\u00f3gicas\u201d Planificaci\u00f3n de Proyectos internos y externos, adem\u00e1s de recibir y dar respuestas en\u00a0 forma individual a las familias que acuden por ayuda en los 77 municipios de la provincia.<\/p>\n<blockquote><p><em>Entendiendo que cada situaci\u00f3n es particular y necesaria pero ser del interior implica un esfuerzo mayor para acercarse hasta el\u00a0<strong>IFAI\u00a0<\/strong>y es motivo de consideraci\u00f3n.Tambien se entreg\u00f3 a la Se\u00f1ora Gisela asistencia financiera para fines educativos .<\/em><\/p><\/blockquote>\n<p>Este inicio de mes se entreg\u00f3 \u00a0asistencia econ\u00f3mica a Daniel Steciuk, un joven que se preocupa por el bien de su comunidad de Moj\u00f3n Grande en el \u00a0municipio de San Javier donde funciona el predio: Del Salto las Mujeres, un lugar que con urgencia necesita mantenimiento y no cuenta con los elementos para resolver los problemas diarios.<\/p>\n<p>De esta manera, expres\u00f3 \u201cel joven emprendedor que se moviliz\u00f3 a pedir al IFAI las herramientas o ayuda econ\u00f3mica para la compra de las mismas como ser moto guada\u00f1a, varios tubos estructural red, etc. Fundamentando este pedido para ser destinado exclusivamente a este predio del Salto las Mujeres, recreativo y con fines tur\u00edsticos que \u00a0servir\u00e1 para nuestros j\u00f3venes ya que todo esto contribuye a una vida saludable y equilibrada con el objetivo de ver el desarrollo comunitario y fortaleciendo la convivencia\u201d, dijo Daniel Steciuk .<\/p>\n<p>A todo esto quedo a disposici\u00f3n del I<strong>FAI<\/strong>\u00a0con el compromiso de que\u00a0 lo destinado sea hecho en el\u00a0 municipio, tambi\u00e9n agradeci\u00f3 al\u00a0<strong>Gobernador Oscar Herrera Ahuad<\/strong>\u00a0porque atreves de esta Gesti\u00f3n<strong>\u00a0IFAI<\/strong>\u00a0\u00a0se da oportunidad a los j\u00f3venes del interior.<\/p>\n<p><img loading=\"lazy\" decoding=\"async\" class=\"alignnone  wp-image-5576\" src=\"https:\/\/innovacionygestion.net\/wp-content\/uploads\/2022\/10\/ifai-oct-2-300x225.jpg\" alt=\"\" width=\"296\" height=\"222\" srcset=\"https:\/\/innovacionygestion.net\/wp-content\/uploads\/2022\/10\/ifai-oct-2-300x225.jpg 300w, https:\/\/innovacionygestion.net\/wp-content\/uploads\/2022\/10\/ifai-oct-2-768x576.jpg 768w, https:\/\/innovacionygestion.net\/wp-content\/uploads\/2022\/10\/ifai-oct-2.jpg 800w\" sizes=\"(max-width: 296px) 100vw, 296px\" \/><img loading=\"lazy\" decoding=\"async\" class=\"alignnone  wp-image-5577\" src=\"https:\/\/innovacionygestion.net\/wp-content\/uploads\/2022\/10\/ifai-oct-3-225x300.jpg\" alt=\"\" width=\"167\" height=\"223\" srcset=\"https:\/\/innovacionygestion.net\/wp-content\/uploads\/2022\/10\/ifai-oct-3-225x300.jpg 225w, https:\/\/innovacionygestion.net\/wp-content\/uploads\/2022\/10\/ifai-oct-3.jpg 600w\" sizes=\"(max-width: 167px) 100vw, 167px\" \/><\/p>\n<p>&nbsp;<\/p>\n","protected":false},"excerpt":{"rendered":"<p>El mes de Octubre llego colmado de trabajo en el Instituto de Fomento Agropecuario e<\/p>\n","protected":false},"author":2,"featured_media":5575,"comment_status":"open","ping_status":"open","sticky":false,"template":"","format":"standard","meta":{"footnotes":""},"categories":[24],"tags":[],"_links":{"self":[{"href":"https:\/\/innovacionygestion.net\/index.php\/wp-json\/wp\/v2\/posts\/5574"}],"collection":[{"href":"https:\/\/innovacionygestion.net\/index.php\/wp-json\/wp\/v2\/posts"}],"about":[{"href":"https:\/\/innovacionygestion.net\/index.php\/wp-json\/wp\/v2\/types\/post"}],"author":[{"embeddable":true,"href":"https:\/\/innovacionygestion.net\/index.php\/wp-json\/wp\/v2\/users\/2"}],"replies":[{"embeddable":true,"href":"https:\/\/innovacionygestion.net\/index.php\/wp-json\/wp\/v2\/comments?post=5574"}],"version-history":[{"count":1,"href":"https:\/\/innovacionygestion.net\/index.php\/wp-json\/wp\/v2\/posts\/5574\/revisions"}],"predecessor-version":[{"id":5578,"href":"https:\/\/innovacionygestion.net\/index.php\/wp-json\/wp\/v2\/posts\/5574\/revisions\/5578"}],"wp:featuredmedia":[{"embeddable":true,"href":"https:\/\/innovacionygestion.net\/index.php\/wp-json\/wp\/v2\/media\/5575"}],"wp:attachment":[{"href":"https:\/\/innovacionygestion.net\/index.php\/wp-json\/wp\/v2\/media?parent=5574"}],"wp:term":[{"taxonomy":"category","embeddable":true,"href":"https:\/\/innovacionygestion.net\/index.php\/wp-json\/wp\/v2\/categories?post=5574"},{"taxonomy":"post_tag","embeddable":true,"href":"https:\/\/innovacionygestion.net\/index.php\/wp-json\/wp\/v2\/tags?post=5574"}],"curies":[{"name":"wp","href":"https:\/\/api.w.org\/{rel}","templated":true}]}}