{"id":5641,"date":"2022-10-19T10:28:29","date_gmt":"2022-10-19T13:28:29","guid":{"rendered":"https:\/\/innovacionygestion.net\/?p=5641"},"modified":"2022-10-19T10:28:29","modified_gmt":"2022-10-19T13:28:29","slug":"la-escuela-normal-n9-de-wanda-se-beneficiara-con-las-practicas-del-curso-de-albanileria","status":"publish","type":"post","link":"https:\/\/innovacionygestion.net\/index.php\/2022\/10\/19\/la-escuela-normal-n9-de-wanda-se-beneficiara-con-las-practicas-del-curso-de-albanileria\/","title":{"rendered":"La Escuela Normal N\u00b09 de Wanda se beneficiar\u00e1 con las pr\u00e1cticas del curso de alba\u00f1iler\u00eda"},"content":{"rendered":"<p class=\"x_MsoNormal\"><span lang=\"ES-MX\">El pasado lunes, durante una reuni\u00f3n entre los representantes de la Fundaci\u00f3n Empoderar, los responsables del Curso de Oficial de Alba\u00f1iler\u00eda y docentes del equipo directivo de la Escuela Normal N\u00b0 9 Juan XXIII de Colonia Wanda, se acord\u00f3 proyectar las pr\u00e1cticas de los alumnos construyendo soluciones para el propio edificio de la instituci\u00f3n educativa.<\/span><\/p>\n<p class=\"x_MsoNormal\"><span lang=\"ES-MX\">El curso es gratuito, y se lleva adelante gracias a la gesti\u00f3n de la Fundaci\u00f3n, a trav\u00e9s de su presidente, Mgtr. Cristian Fuentes, y el instructor a cargo Francis Maciel, tiene una duraci\u00f3n de cuatro meses con clases te\u00f3ricas y pr\u00e1cticas, destinado tanto a hombres como mujeres.<\/span><\/p>\n<p class=\"x_MsoNormal\"><span lang=\"ES-MX\">\u201cLa formaci\u00f3n surgi\u00f3 ante la demanda que se gener\u00f3 en el sector privado de la construcci\u00f3n de personal calificado para trabajar, no se encontraba mano de obra que tenga preparaci\u00f3n real, y esto viene a dar una respuesta concreta a esa necesidad\u201d, explic\u00f3 Fuentes y agreg\u00f3 que \u201ccon esta nueva propuesta para las pr\u00e1cticas de los alumnos, adem\u00e1s de darles las posibilidad de aplicar lo aprendido tambi\u00e9n hay un fin social\u201d.<\/span><\/p>\n<p class=\"x_MsoNormal\"><span lang=\"ES-MX\">\u201cRealmente nos motiva poder trabajar en mejoras para la Escuela Normal N\u00b0 9, que en una primera instancia seguramente constar\u00e1 de la edificaci\u00f3n de un muro de contenci\u00f3n en el sector del play\u00f3n deportivo\u201d, se\u00f1al\u00f3 el titular de la Fundaci\u00f3n Empoderar.<\/span><\/p>\n<p class=\"x_MsoNormal\"><span lang=\"ES-MX\">El curso tuvo un alto impacto en la Zona del Alto Paran\u00e1 misionero, y se espera darle continuidad tanto por la demanda de potenciales alumnos como por la del propio sector de la construcci\u00f3n.<\/span><\/p>\n<p><img loading=\"lazy\" decoding=\"async\" class=\"alignnone size-medium wp-image-5643\" src=\"https:\/\/innovacionygestion.net\/wp-content\/uploads\/2022\/10\/IMG-20221017-WA0086-300x169.jpg\" alt=\"\" width=\"300\" height=\"169\" srcset=\"https:\/\/innovacionygestion.net\/wp-content\/uploads\/2022\/10\/IMG-20221017-WA0086-300x169.jpg 300w, https:\/\/innovacionygestion.net\/wp-content\/uploads\/2022\/10\/IMG-20221017-WA0086-1024x576.jpg 1024w, https:\/\/innovacionygestion.net\/wp-content\/uploads\/2022\/10\/IMG-20221017-WA0086-768x432.jpg 768w, https:\/\/innovacionygestion.net\/wp-content\/uploads\/2022\/10\/IMG-20221017-WA0086-1536x864.jpg 1536w, https:\/\/innovacionygestion.net\/wp-content\/uploads\/2022\/10\/IMG-20221017-WA0086.jpg 1600w\" sizes=\"(max-width: 300px) 100vw, 300px\" \/><img loading=\"lazy\" decoding=\"async\" class=\"alignnone size-medium wp-image-5644\" src=\"https:\/\/innovacionygestion.net\/wp-content\/uploads\/2022\/10\/IMG-20221017-WA0078-300x169.jpg\" alt=\"\" width=\"300\" height=\"169\" srcset=\"https:\/\/innovacionygestion.net\/wp-content\/uploads\/2022\/10\/IMG-20221017-WA0078-300x169.jpg 300w, https:\/\/innovacionygestion.net\/wp-content\/uploads\/2022\/10\/IMG-20221017-WA0078-1024x576.jpg 1024w, https:\/\/innovacionygestion.net\/wp-content\/uploads\/2022\/10\/IMG-20221017-WA0078-768x432.jpg 768w, https:\/\/innovacionygestion.net\/wp-content\/uploads\/2022\/10\/IMG-20221017-WA0078-1536x864.jpg 1536w, https:\/\/innovacionygestion.net\/wp-content\/uploads\/2022\/10\/IMG-20221017-WA0078.jpg 1600w\" sizes=\"(max-width: 300px) 100vw, 300px\" \/><\/p>\n","protected":false},"excerpt":{"rendered":"<p>El pasado lunes, durante una reuni\u00f3n entre los representantes de la Fundaci\u00f3n Empoderar, los responsables<\/p>\n","protected":false},"author":2,"featured_media":5642,"comment_status":"open","ping_status":"open","sticky":false,"template":"","format":"standard","meta":{"footnotes":""},"categories":[25,15],"tags":[],"_links":{"self":[{"href":"https:\/\/innovacionygestion.net\/index.php\/wp-json\/wp\/v2\/posts\/5641"}],"collection":[{"href":"https:\/\/innovacionygestion.net\/index.php\/wp-json\/wp\/v2\/posts"}],"about":[{"href":"https:\/\/innovacionygestion.net\/index.php\/wp-json\/wp\/v2\/types\/post"}],"author":[{"embeddable":true,"href":"https:\/\/innovacionygestion.net\/index.php\/wp-json\/wp\/v2\/users\/2"}],"replies":[{"embeddable":true,"href":"https:\/\/innovacionygestion.net\/index.php\/wp-json\/wp\/v2\/comments?post=5641"}],"version-history":[{"count":1,"href":"https:\/\/innovacionygestion.net\/index.php\/wp-json\/wp\/v2\/posts\/5641\/revisions"}],"predecessor-version":[{"id":5645,"href":"https:\/\/innovacionygestion.net\/index.php\/wp-json\/wp\/v2\/posts\/5641\/revisions\/5645"}],"wp:featuredmedia":[{"embeddable":true,"href":"https:\/\/innovacionygestion.net\/index.php\/wp-json\/wp\/v2\/media\/5642"}],"wp:attachment":[{"href":"https:\/\/innovacionygestion.net\/index.php\/wp-json\/wp\/v2\/media?parent=5641"}],"wp:term":[{"taxonomy":"category","embeddable":true,"href":"https:\/\/innovacionygestion.net\/index.php\/wp-json\/wp\/v2\/categories?post=5641"},{"taxonomy":"post_tag","embeddable":true,"href":"https:\/\/innovacionygestion.net\/index.php\/wp-json\/wp\/v2\/tags?post=5641"}],"curies":[{"name":"wp","href":"https:\/\/api.w.org\/{rel}","templated":true}]}}