{"id":5655,"date":"2022-10-25T11:58:42","date_gmt":"2022-10-25T14:58:42","guid":{"rendered":"https:\/\/innovacionygestion.net\/?p=5655"},"modified":"2022-10-25T11:58:42","modified_gmt":"2022-10-25T14:58:42","slug":"misiones-volvera-a-hacer-historia-con-el-mundial-de-futsal-femenino-2022","status":"publish","type":"post","link":"https:\/\/innovacionygestion.net\/index.php\/2022\/10\/25\/misiones-volvera-a-hacer-historia-con-el-mundial-de-futsal-femenino-2022\/","title":{"rendered":"Misiones volver\u00e1 a hacer historia con el Mundial de Futsal Femenino 2022"},"content":{"rendered":"<p>Tras el trabajo conjunto de la Confederaci\u00f3n Argentina de Futsal &#8211; F\u00fatbol de Sal\u00f3n y el Gobierno de Misiones, del 12 al 17 de noviembre Misiones ser\u00e1 anfitriona del Mundial de Futsal Femenino 2022 que ya tiene a sus ocho equipos confirmados. Argentina recibir\u00e1 a Brasil, Paraguay, Chile, Colombia, Bolivia, Francia y Bangladesh para disputar sus partidos en la tierra colorada.<br aria-hidden=\"true\" \/>Como en el Mundial de Futsal Masculino del 2019, las sedes ser\u00e1n Montecarlo, que albergar\u00e1 el partido inaugural y la final, entre otros, Posadas, Ober\u00e1, Wanda, y en esta oportunidad se le sumar\u00e1 el polideportivo de Puerto Rico.<br aria-hidden=\"true\" \/>El equipo femenino, dirigido por Jon\u00e1s Jaime, que adem\u00e1s tiene a la misionera Luz Samudio en su cuerpo t\u00e9cnico, est\u00e1 integrado por Melina Guti\u00e9rrez (Puerto Madryn), Tatiana Colisnechenco (Comodoro Rivadavia), Adriana Rivas (Comodoro Rivadavia), Iara Garc\u00eda (Paran\u00e1), B\u00e1rbara Ruiz (Paran\u00e1), Florencia Arce (Paran\u00e1), Eliana Cabrera (Mendoza), Mar\u00eda Florencia L\u00f3pez (Tucum\u00e1n), Luna Tucci (Mendoza), Camila Usandivaras (Tucum\u00e1n), Gisella Llull (Paran\u00e1) y Daniela Mart\u00ednez (Mendoza).<br aria-hidden=\"true\" \/>A\u00fan resta confirmar el fixture que se dar\u00e1 a conocer tras el sorteo que se realizar\u00e1 en los pr\u00f3ximos d\u00edas en Posadas, con transmisi\u00f3n en vivo.<\/p>\n","protected":false},"excerpt":{"rendered":"<p>Tras el trabajo conjunto de la Confederaci\u00f3n Argentina de Futsal &#8211; F\u00fatbol de Sal\u00f3n y<\/p>\n","protected":false},"author":2,"featured_media":5656,"comment_status":"open","ping_status":"open","sticky":false,"template":"","format":"standard","meta":{"footnotes":""},"categories":[8],"tags":[],"_links":{"self":[{"href":"https:\/\/innovacionygestion.net\/index.php\/wp-json\/wp\/v2\/posts\/5655"}],"collection":[{"href":"https:\/\/innovacionygestion.net\/index.php\/wp-json\/wp\/v2\/posts"}],"about":[{"href":"https:\/\/innovacionygestion.net\/index.php\/wp-json\/wp\/v2\/types\/post"}],"author":[{"embeddable":true,"href":"https:\/\/innovacionygestion.net\/index.php\/wp-json\/wp\/v2\/users\/2"}],"replies":[{"embeddable":true,"href":"https:\/\/innovacionygestion.net\/index.php\/wp-json\/wp\/v2\/comments?post=5655"}],"version-history":[{"count":1,"href":"https:\/\/innovacionygestion.net\/index.php\/wp-json\/wp\/v2\/posts\/5655\/revisions"}],"predecessor-version":[{"id":5657,"href":"https:\/\/innovacionygestion.net\/index.php\/wp-json\/wp\/v2\/posts\/5655\/revisions\/5657"}],"wp:featuredmedia":[{"embeddable":true,"href":"https:\/\/innovacionygestion.net\/index.php\/wp-json\/wp\/v2\/media\/5656"}],"wp:attachment":[{"href":"https:\/\/innovacionygestion.net\/index.php\/wp-json\/wp\/v2\/media?parent=5655"}],"wp:term":[{"taxonomy":"category","embeddable":true,"href":"https:\/\/innovacionygestion.net\/index.php\/wp-json\/wp\/v2\/categories?post=5655"},{"taxonomy":"post_tag","embeddable":true,"href":"https:\/\/innovacionygestion.net\/index.php\/wp-json\/wp\/v2\/tags?post=5655"}],"curies":[{"name":"wp","href":"https:\/\/api.w.org\/{rel}","templated":true}]}}