{"id":5754,"date":"2023-02-06T11:22:25","date_gmt":"2023-02-06T14:22:25","guid":{"rendered":"https:\/\/innovacionygestion.net\/?p=5754"},"modified":"2023-02-06T11:22:25","modified_gmt":"2023-02-06T14:22:25","slug":"charla-en-el-ips-por-el-dia-mundial-contra-del-cancer","status":"publish","type":"post","link":"https:\/\/innovacionygestion.net\/index.php\/2023\/02\/06\/charla-en-el-ips-por-el-dia-mundial-contra-del-cancer\/","title":{"rendered":"Charla en el IPS por el \u201cD\u00eda Mundial contra del C\u00e1ncer\u201d"},"content":{"rendered":"<p>Se desarroll\u00f3 hoy en el Instituto de Previsi\u00f3n Social de Misiones una presentaci\u00f3n sobre la \u201cImportancia de los controles y los h\u00e1bitos de vida que disminuyen el riesgo de padecer la enfermedad\u201d, a cargo de la prestigiosa onc\u00f3loga, Dra. Mar\u00eda Betania Mascheroni.<br \/>\nEn el marco de esta jornada, el Presidente del IPS, Dr. Lisandro Benmaor, indic\u00f3 que \u201cconcientizar, educar y capacitar en este sentido es fundamental. Ya que diagn\u00f3sticos precoces son sin\u00f3nimos de tratamientos exitosos\u201d. Y aseguro que \u201cteniendo h\u00e1bitos saludables en lo referido a estilo de vida, alimentaci\u00f3n, deportes, recreaci\u00f3n son muy importantes en esta tem\u00e1tica, ya que uno puede disminuir la probabilidad de aparici\u00f3n de c\u00e1ncer\u201d.<br \/>\nCon el mismo \u00e9nfasis, la Directora de Oncolog\u00eda del Instituto, Natalia Esp\u00edndola explico que \u201c una vez confirmado el diagn\u00f3stico, se ingresa al paciente al Programa Integral de Pacientes Oncol\u00f3gicos que cuenta con cobertura del 100% en quimioterapias, radioterapia y tratamiento del dolor. Orientado a mejorar la calidad de vida de los afiliados, atendiendo a la enfermedad como un proceso al cual se debe acompa\u00f1ar desde un abordaje integral y multidisciplinar cuyo beneficio es brindar tratamiento para el dolor, drenaje linf\u00e1tico, apoyo psicol\u00f3gico al paciente y su familia\u201d. Contando con una chequera y consultorio oncol\u00f3gico.<\/p>\n<p>En la misma l\u00ednea el reconocido Anestesi\u00f3logo Dr. Adrian Lafert especialista en terapia del dolor, enfatiz\u00f3 en que \u201cel dolor es un s\u00edntoma en la mayor\u00eda de los casos oncol\u00f3gicos, por lo que al sentirlo es fundamental ir a ver al m\u00e9dico, ya que con un diagn\u00f3stico precoz puede haber cura\u201d.<br \/>\nAgradecemos la presencia de la a Dra. Lilian Tartaglino Secretaria de Salud, Medio Ambiente y Desarrollo Humano de la Municipalidad de Posadas.<\/p>\n","protected":false},"excerpt":{"rendered":"<p>Se desarroll\u00f3 hoy en el Instituto de Previsi\u00f3n Social de Misiones una presentaci\u00f3n sobre la<\/p>\n","protected":false},"author":2,"featured_media":5755,"comment_status":"open","ping_status":"open","sticky":false,"template":"","format":"standard","meta":{"footnotes":""},"categories":[31],"tags":[],"_links":{"self":[{"href":"https:\/\/innovacionygestion.net\/index.php\/wp-json\/wp\/v2\/posts\/5754"}],"collection":[{"href":"https:\/\/innovacionygestion.net\/index.php\/wp-json\/wp\/v2\/posts"}],"about":[{"href":"https:\/\/innovacionygestion.net\/index.php\/wp-json\/wp\/v2\/types\/post"}],"author":[{"embeddable":true,"href":"https:\/\/innovacionygestion.net\/index.php\/wp-json\/wp\/v2\/users\/2"}],"replies":[{"embeddable":true,"href":"https:\/\/innovacionygestion.net\/index.php\/wp-json\/wp\/v2\/comments?post=5754"}],"version-history":[{"count":1,"href":"https:\/\/innovacionygestion.net\/index.php\/wp-json\/wp\/v2\/posts\/5754\/revisions"}],"predecessor-version":[{"id":5756,"href":"https:\/\/innovacionygestion.net\/index.php\/wp-json\/wp\/v2\/posts\/5754\/revisions\/5756"}],"wp:featuredmedia":[{"embeddable":true,"href":"https:\/\/innovacionygestion.net\/index.php\/wp-json\/wp\/v2\/media\/5755"}],"wp:attachment":[{"href":"https:\/\/innovacionygestion.net\/index.php\/wp-json\/wp\/v2\/media?parent=5754"}],"wp:term":[{"taxonomy":"category","embeddable":true,"href":"https:\/\/innovacionygestion.net\/index.php\/wp-json\/wp\/v2\/categories?post=5754"},{"taxonomy":"post_tag","embeddable":true,"href":"https:\/\/innovacionygestion.net\/index.php\/wp-json\/wp\/v2\/tags?post=5754"}],"curies":[{"name":"wp","href":"https:\/\/api.w.org\/{rel}","templated":true}]}}