{"id":5798,"date":"2023-02-22T10:25:59","date_gmt":"2023-02-22T13:25:59","guid":{"rendered":"https:\/\/innovacionygestion.net\/?p=5798"},"modified":"2023-02-22T10:25:59","modified_gmt":"2023-02-22T13:25:59","slug":"el-ifai-acompano-la-inauguracion-de-la-plantinera-municipal-de-obera","status":"publish","type":"post","link":"https:\/\/innovacionygestion.net\/index.php\/2023\/02\/22\/el-ifai-acompano-la-inauguracion-de-la-plantinera-municipal-de-obera\/","title":{"rendered":"El IFAI ACOMPA\u00d1\u00d3 LA INAUGURACI\u00d3N DE LA PLANTINERA MUNICIPAL DE OBER\u00c1"},"content":{"rendered":"<p><em><strong>Se puso en marcha para producir 130.000 mudas de manera continua para abastecer al municipio<\/strong><\/em><\/p>\n<p>El presidente del\u00a0<strong>IFAI Roque Gervasoni<\/strong>, particip\u00f3 de la inauguraci\u00f3n de la plantinera hort\u00edcola en Ober\u00e1, junto al intendente Pablo Hassan y algunos operarios municipales encargados de cuidar el \u00e1rea que ser\u00e1 de gran aporte a la comuna.<\/p>\n<p>Asimismo, desde el Instituto de Fomento Agropecuario e Industrial (<strong>IFAI<\/strong>), estuvieron presentes en el corte de cinta la Directora del\u00a0<strong>IFAI<\/strong>\u00a0y Administradora del Mercado Concentrador Zonal Ober\u00e1, Rosana Arguello y el Ing Agr Cesar Otto Niklas y el equipo t\u00e9cnico.<\/p>\n<div id=\"gallery-1\" class=\"gallery galleryid-5435 gallery-columns-3 gallery-size-thumbnail\">\n<dl class=\"gallery-item\">\n<dt class=\"gallery-icon landscape\"><a href=\"https:\/\/ifai.misiones.gob.ar\/wp-content\/uploads\/2023\/02\/331303861_956318588873348_4971794066236565579_n.jpg\"><img loading=\"lazy\" decoding=\"async\" class=\"attachment-thumbnail size-thumbnail\" src=\"https:\/\/ifai.misiones.gob.ar\/wp-content\/uploads\/2023\/02\/331303861_956318588873348_4971794066236565579_n-150x150.jpg\" alt=\"\" width=\"150\" height=\"150\" \/><\/a><\/dt>\n<\/dl>\n<dl class=\"gallery-item\">\n<dt class=\"gallery-icon landscape\"><a href=\"https:\/\/ifai.misiones.gob.ar\/wp-content\/uploads\/2023\/02\/331964949_1265324214056124_8178472085642650109_n.jpg\"><img loading=\"lazy\" decoding=\"async\" class=\"attachment-thumbnail size-thumbnail\" src=\"https:\/\/ifai.misiones.gob.ar\/wp-content\/uploads\/2023\/02\/331964949_1265324214056124_8178472085642650109_n-150x150.jpg\" alt=\"\" width=\"150\" height=\"150\" \/><\/a><\/dt>\n<\/dl>\n<dl class=\"gallery-item\">\n<dt class=\"gallery-icon landscape\"><a href=\"https:\/\/ifai.misiones.gob.ar\/wp-content\/uploads\/2023\/02\/329431868_717284756549860_4252689718155552208_n.jpg\"><img loading=\"lazy\" decoding=\"async\" class=\"attachment-thumbnail size-thumbnail\" src=\"https:\/\/ifai.misiones.gob.ar\/wp-content\/uploads\/2023\/02\/329431868_717284756549860_4252689718155552208_n-150x150.jpg\" alt=\"\" width=\"150\" height=\"150\" \/><\/a><\/dt>\n<\/dl>\n<\/div>\n<p>La importancia de contar con una plantinera municipal que beneficiar\u00e1 a productores y vecinos en la zona centro. Est\u00e1 puesta en condiciones para la producci\u00f3n de plantines bajo la\u00a0 supervisi\u00f3n de los operarios hort\u00edcolas, que ser\u00e1n los encargados de la preparaci\u00f3n del suelo para los cultivos bien plantados, en macetas o contenedores de varios tama\u00f1os con sustrato y no tierra roja, porque el sustrato es un material poroso que se recomienda para cultivar plantas, flores, frutas y hortalizas. Tambi\u00e9n es necesario utilizar tierra negra para el manejo de siembra, as\u00ed aportan nutrientes para su adecuado proceso de crecimiento y extracci\u00f3n de los mismos para su transplante.<\/p>\n<p>De esta manera el\u00a0<strong>IFAI<\/strong>, entreg\u00f3 a la plantinera municipal Obere\u00f1a, mudas de especies hort\u00edcolas para multiplicar el crecimiento de verduras sanas y org\u00e1nicas.<\/p>\n<p><em><strong>Hacer pol\u00edtica Social es un aporte de esta Instituci\u00f3n IFAI<\/strong><\/em><\/p>\n<p>A modo de destacar las actividades del Titular del\u00a0<strong>IFAI Roque Gervasoni<\/strong>, en Ober\u00e1 Junto al Intendente Pablo Hassan continuaron completando la agenda de la jornada visitando barrios e hicieron entrega de Asistencia financiara a Facundo Ferreira, un joven trabajador del arte de \u201cTatuador\u201d, el aporte econ\u00f3mico est\u00e1 destinado para comprar las herramientas necesarias para trabajar y de esta manera llevar el sustento a su familia.<\/p>\n<p>La vida de Facundo Ferreira pas\u00f3 por momentos muy duros con la muerte de su Padre a causa del Covid19. Por otra parte la enfermedad de su hermanito Aar\u00f3n es electrodependiente.<\/p>\n<p>En su momento desde el\u00a0<strong>IFAI\u00a0<\/strong>se le facilit\u00f3 un grupo electr\u00f3geno para el peque\u00f1o y esta situaci\u00f3n nos interioriz\u00f3 m\u00e1s sobre la familia.<\/p>\n<p><img loading=\"lazy\" decoding=\"async\" class=\"alignnone size-medium wp-image-5447\" src=\"https:\/\/ifai.misiones.gob.ar\/wp-content\/uploads\/2023\/02\/330836315_476454784539694_4309162920322503043_n-300x169.jpg\" sizes=\"(max-width: 300px) 100vw, 300px\" srcset=\"https:\/\/ifai.misiones.gob.ar\/wp-content\/uploads\/2023\/02\/330836315_476454784539694_4309162920322503043_n-300x169.jpg 300w, https:\/\/ifai.misiones.gob.ar\/wp-content\/uploads\/2023\/02\/330836315_476454784539694_4309162920322503043_n-768x432.jpg 768w, https:\/\/ifai.misiones.gob.ar\/wp-content\/uploads\/2023\/02\/330836315_476454784539694_4309162920322503043_n.jpg 800w\" alt=\"\" width=\"300\" height=\"169\" \/><\/p>\n<p>A todo esto, el jefe comunal Pablo Hassan qued\u00f3 a disposici\u00f3n para organizar habilitaciones y tr\u00e1mites de trabajo de tatuador, para Facundo Ferreira.<\/p>\n<p>Desde el\u00a0<strong>IFAI<\/strong>, continuamos recorriendo junto a los Intendentes en cada municipio para seguir brindando apoyo. Adem\u00e1s de agradecer a un Estado presente, que da respuesta dentro de sus posibilidades.<\/p>\n","protected":false},"excerpt":{"rendered":"<p>Se puso en marcha para producir 130.000 mudas de manera continua para abastecer al municipio<\/p>\n","protected":false},"author":2,"featured_media":5799,"comment_status":"open","ping_status":"open","sticky":false,"template":"","format":"standard","meta":{"footnotes":""},"categories":[24],"tags":[],"_links":{"self":[{"href":"https:\/\/innovacionygestion.net\/index.php\/wp-json\/wp\/v2\/posts\/5798"}],"collection":[{"href":"https:\/\/innovacionygestion.net\/index.php\/wp-json\/wp\/v2\/posts"}],"about":[{"href":"https:\/\/innovacionygestion.net\/index.php\/wp-json\/wp\/v2\/types\/post"}],"author":[{"embeddable":true,"href":"https:\/\/innovacionygestion.net\/index.php\/wp-json\/wp\/v2\/users\/2"}],"replies":[{"embeddable":true,"href":"https:\/\/innovacionygestion.net\/index.php\/wp-json\/wp\/v2\/comments?post=5798"}],"version-history":[{"count":1,"href":"https:\/\/innovacionygestion.net\/index.php\/wp-json\/wp\/v2\/posts\/5798\/revisions"}],"predecessor-version":[{"id":5800,"href":"https:\/\/innovacionygestion.net\/index.php\/wp-json\/wp\/v2\/posts\/5798\/revisions\/5800"}],"wp:featuredmedia":[{"embeddable":true,"href":"https:\/\/innovacionygestion.net\/index.php\/wp-json\/wp\/v2\/media\/5799"}],"wp:attachment":[{"href":"https:\/\/innovacionygestion.net\/index.php\/wp-json\/wp\/v2\/media?parent=5798"}],"wp:term":[{"taxonomy":"category","embeddable":true,"href":"https:\/\/innovacionygestion.net\/index.php\/wp-json\/wp\/v2\/categories?post=5798"},{"taxonomy":"post_tag","embeddable":true,"href":"https:\/\/innovacionygestion.net\/index.php\/wp-json\/wp\/v2\/tags?post=5798"}],"curies":[{"name":"wp","href":"https:\/\/api.w.org\/{rel}","templated":true}]}}