{"id":596,"date":"2020-01-20T08:18:28","date_gmt":"2020-01-20T11:18:28","guid":{"rendered":"https:\/\/innovacionygestion.net\/?p=596"},"modified":"2020-01-20T08:18:28","modified_gmt":"2020-01-20T11:18:28","slug":"abundante-nubosidad-y-clima-calido","status":"publish","type":"post","link":"https:\/\/innovacionygestion.net\/index.php\/2020\/01\/20\/abundante-nubosidad-y-clima-calido\/","title":{"rendered":"Abundante nubosidad y clima c\u00e1lido"},"content":{"rendered":"<p>La baja presi\u00f3n sobre el centro del pa\u00eds estar\u00eda generando abundante nubosidad en Misiones y la regi\u00f3n; las lluvias y tormentas durante esta jornada estar\u00edan presentes sobre Santa Fe, Entre R\u00edos y el este de C\u00f3rdoba (zonas agr\u00edcolas). El sistema se asociar\u00eda a un frente fr\u00edo esta misma noche y ampliar\u00eda las \u00e1reas con precipitaciones en nuestro pa\u00eds. Ma\u00f1ana el frente fr\u00edo (durante el d\u00eda) avanzar\u00eda hacia nuestra regi\u00f3n esper\u00e1ndose lluvias y tormentas sobre el norte de Santa Fe que podr\u00edan alcanzar una severidad muy alta sobre esa provincia y norte de Entre R\u00edos donde se esperan granizo de distintos tama\u00f1os, r\u00e1fagas de viento que superar\u00eda los 100 km\/h y lluvias intensas superando los 100 mil\u00edmetros; hacia la noche alcanzar\u00eda el centro de Corrientes y gran parte del este del Chaco con la misma intensidad. En Misiones se esperan lluvias y tormentas con menor fuerza que afectar\u00eda las zonas Sur y Centro por la tarde y la noche, mientras el Norte provincial tendr\u00eda cielo nublado a cubierto. En la madrugada y en el transcurso de la ma\u00f1ana del mi\u00e9rcoles, la baja presi\u00f3n y el frente fr\u00edo afectar\u00edan el Sur y Centro de Misiones con lluvias y tormentas que podr\u00edan ser fuertes a severas; hacia la tarde alcanzar\u00eda el norte de nuestra provincia con la misma magnitud. El frente fr\u00edo provocar\u00eda un marcado descenso de las temperaturas y las marcas m\u00ednimas se registrar\u00edan por la noche.<\/p>\n<p>Hoy en la zona Sur se espera alta sensaci\u00f3n t\u00e9rmica. El clima c\u00e1lido y h\u00famedo elevar\u00eda la sensaci\u00f3n t\u00e9rmica por sobre los 40\u00b0 en Posadas esta tarde y el riesgo de golpe de calor aumenta.<\/p>\n<p>Fuente: El Territorio<\/p>\n","protected":false},"excerpt":{"rendered":"<p>La baja presi\u00f3n sobre el centro del pa\u00eds estar\u00eda generando abundante nubosidad en Misiones y<\/p>\n","protected":false},"author":2,"featured_media":505,"comment_status":"open","ping_status":"open","sticky":false,"template":"","format":"standard","meta":{"footnotes":""},"categories":[2],"tags":[],"_links":{"self":[{"href":"https:\/\/innovacionygestion.net\/index.php\/wp-json\/wp\/v2\/posts\/596"}],"collection":[{"href":"https:\/\/innovacionygestion.net\/index.php\/wp-json\/wp\/v2\/posts"}],"about":[{"href":"https:\/\/innovacionygestion.net\/index.php\/wp-json\/wp\/v2\/types\/post"}],"author":[{"embeddable":true,"href":"https:\/\/innovacionygestion.net\/index.php\/wp-json\/wp\/v2\/users\/2"}],"replies":[{"embeddable":true,"href":"https:\/\/innovacionygestion.net\/index.php\/wp-json\/wp\/v2\/comments?post=596"}],"version-history":[{"count":1,"href":"https:\/\/innovacionygestion.net\/index.php\/wp-json\/wp\/v2\/posts\/596\/revisions"}],"predecessor-version":[{"id":597,"href":"https:\/\/innovacionygestion.net\/index.php\/wp-json\/wp\/v2\/posts\/596\/revisions\/597"}],"wp:featuredmedia":[{"embeddable":true,"href":"https:\/\/innovacionygestion.net\/index.php\/wp-json\/wp\/v2\/media\/505"}],"wp:attachment":[{"href":"https:\/\/innovacionygestion.net\/index.php\/wp-json\/wp\/v2\/media?parent=596"}],"wp:term":[{"taxonomy":"category","embeddable":true,"href":"https:\/\/innovacionygestion.net\/index.php\/wp-json\/wp\/v2\/categories?post=596"},{"taxonomy":"post_tag","embeddable":true,"href":"https:\/\/innovacionygestion.net\/index.php\/wp-json\/wp\/v2\/tags?post=596"}],"curies":[{"name":"wp","href":"https:\/\/api.w.org\/{rel}","templated":true}]}}