{"id":6207,"date":"2023-05-18T07:29:28","date_gmt":"2023-05-18T10:29:28","guid":{"rendered":"https:\/\/innovacionygestion.net\/?p=6207"},"modified":"2023-05-18T07:29:28","modified_gmt":"2023-05-18T10:29:28","slug":"entrega-de-alevinos-a-productores-piscicolas-en-el-parque-ecologico-el-puma","status":"publish","type":"post","link":"https:\/\/innovacionygestion.net\/index.php\/2023\/05\/18\/entrega-de-alevinos-a-productores-piscicolas-en-el-parque-ecologico-el-puma\/","title":{"rendered":"ENTREGA DE ALEVINOS A PRODUCTORES PISC\u00cdCOLAS EN EL PARQUE ECOL\u00d3GICO \u201cEL PUMA\u201d"},"content":{"rendered":"<p>En esta segunda etapa del convenio de Cooperaci\u00f3n entre el Instituto de Fomento Agropecuario e Industrial y el Ministerio de Ecolog\u00eda y Recursos Naturales Renovables conjuntamente con el Ministerio del Agro y la Producci\u00f3n\u00a0 dieron activaci\u00f3n a esta tarea conjunta productiva de \u201cAlevinos\u201d para fortalecer e incrementar la producci\u00f3n de peces en la provincia de Misiones.<\/p>\n<p>Es por ello, que el Presidente del \u201cIFAI\u201d Roque Gervasoni, mantiene un firme acuerdo con el Ministro de Ecolog\u00eda Ing. Victor Kreimer y el Ministro del Agro y la Producci\u00f3n Lic. Facundo L\u00f3pez Sartori, a los fines de \u201cDesarrollar Actividades Productivas\u201d de fomento e investigaci\u00f3n acu\u00edcola y pesquera, en la Estaci\u00f3n de Piscicultura e Hidrobiolog\u00eda del Parque Ecol\u00f3gico \u201cEl Puma\u201d, que funciona bajo la \u00f3rbita del Ministerio de Ecolog\u00eda cumpliendo la tarea de criar especies aut\u00f3ctonas para asistir a los productores de la Provincia de Misiones.<\/p>\n<p><strong><em>Las tres partes firmaron el convenio de\u00a0 activaci\u00f3n a esta tarea conjunta productiva de \u201cAlevinos\u201d, el 8 de Agosto 2022<\/em><\/strong><\/p>\n<p>Desde entonces, se conform\u00f3 un \u201cComit\u00e9 de Enlace\u201d interinstitucional con la misi\u00f3n de funcionar como el \u00f3rgano veedor de las actividades programadas y mantener un balance\u00a0 mediante un informe semestral.<\/p>\n<p>Las actividades internas est\u00e1n a cargo del personal t\u00e9cnico de la Estaci\u00f3n de piscicultura basado en la planificaci\u00f3n y control de dicho comit\u00e9 de enlace.<\/p>\n<p>Siguiendo la misma l\u00ednea, el Instituto de Fomento Agropecuario e Industrial (<strong>IFAI<\/strong>) y el Ministerio de Ecolog\u00eda RNR y el MAyP, fijaron como fecha el 3 de Abril 2023, para hacer la Primera entrega de Alevinos a 60 Productores pisc\u00edcolas de diferentes municipios de Misiones, con la finalidad de incentivar su producci\u00f3n con un kit de 50 Alevinos de Pac\u00fa, acompa\u00f1ado de alimentos balanceados para 45 d\u00edas.<\/p>\n<p>En esta segunda etapa se convoc\u00f3 a 50 Productores Pisc\u00edcolas para el 4 de Mayo 2023, las autoridades correspondientes entregaron nuevamente en forma gratuita los Alevinos de pac\u00fa y alimentos para 45 d\u00edas a los cincuenta Productores Pisc\u00edcolas de Alvear, \u00a0Ruiz de Montoya, Alberdi, Campo Grande, Campo Ram\u00f3n, San Ignacio, Tres Capone, Nemesio, Olegario Victor Andrade.Por nombrar algunos a don Palamarchuk, Pedro Olensek y Cristian Nu\u00f1ez.<\/p>\n<p>El convenio continuar\u00e1 subiendo de nivel para alcanzar los objetivos acordados y repoblar los r\u00edos, arroyos de la provincia de Misiones.<\/p>\n","protected":false},"excerpt":{"rendered":"<p>En esta segunda etapa del convenio de Cooperaci\u00f3n entre el Instituto de Fomento Agropecuario e<\/p>\n","protected":false},"author":2,"featured_media":6208,"comment_status":"open","ping_status":"open","sticky":false,"template":"","format":"standard","meta":{"footnotes":""},"categories":[24],"tags":[],"_links":{"self":[{"href":"https:\/\/innovacionygestion.net\/index.php\/wp-json\/wp\/v2\/posts\/6207"}],"collection":[{"href":"https:\/\/innovacionygestion.net\/index.php\/wp-json\/wp\/v2\/posts"}],"about":[{"href":"https:\/\/innovacionygestion.net\/index.php\/wp-json\/wp\/v2\/types\/post"}],"author":[{"embeddable":true,"href":"https:\/\/innovacionygestion.net\/index.php\/wp-json\/wp\/v2\/users\/2"}],"replies":[{"embeddable":true,"href":"https:\/\/innovacionygestion.net\/index.php\/wp-json\/wp\/v2\/comments?post=6207"}],"version-history":[{"count":1,"href":"https:\/\/innovacionygestion.net\/index.php\/wp-json\/wp\/v2\/posts\/6207\/revisions"}],"predecessor-version":[{"id":6209,"href":"https:\/\/innovacionygestion.net\/index.php\/wp-json\/wp\/v2\/posts\/6207\/revisions\/6209"}],"wp:featuredmedia":[{"embeddable":true,"href":"https:\/\/innovacionygestion.net\/index.php\/wp-json\/wp\/v2\/media\/6208"}],"wp:attachment":[{"href":"https:\/\/innovacionygestion.net\/index.php\/wp-json\/wp\/v2\/media?parent=6207"}],"wp:term":[{"taxonomy":"category","embeddable":true,"href":"https:\/\/innovacionygestion.net\/index.php\/wp-json\/wp\/v2\/categories?post=6207"},{"taxonomy":"post_tag","embeddable":true,"href":"https:\/\/innovacionygestion.net\/index.php\/wp-json\/wp\/v2\/tags?post=6207"}],"curies":[{"name":"wp","href":"https:\/\/api.w.org\/{rel}","templated":true}]}}