{"id":6234,"date":"2023-05-23T09:24:29","date_gmt":"2023-05-23T12:24:29","guid":{"rendered":"https:\/\/innovacionygestion.net\/?p=6234"},"modified":"2023-05-23T09:24:29","modified_gmt":"2023-05-23T12:24:29","slug":"municipalidad-de-posadas-la-patria-se-festeja","status":"publish","type":"post","link":"https:\/\/innovacionygestion.net\/index.php\/2023\/05\/23\/municipalidad-de-posadas-la-patria-se-festeja\/","title":{"rendered":"Municipalidad de Posadas: La Patria se festeja"},"content":{"rendered":"<div class=\"xdj266r x11i5rnm xat24cr x1mh8g0r x1vvkbs x126k92a\">\n<div dir=\"auto\">Este mi\u00e9rcoles 24\/05 viviremos con mucho orgullo, el tradicional desfile y la pe\u00f1a patria, previo a nuestro querido 25 de Mayo. Como todos los a\u00f1os con las mismas ganas, esas ganas de encontrarnos, celebrar y defender la soberan\u00eda.<\/div>\n<\/div>\n<div class=\"x11i5rnm xat24cr x1mh8g0r x1vvkbs xtlvy1s x126k92a\">\n<div dir=\"auto\"><span class=\"x3nfvp2 x1j61x8r x1fcty0u xdj266r xhhsvwb xat24cr xgzva0m xxymvpz xlup9mm x1kky2od\"><img loading=\"lazy\" decoding=\"async\" src=\"https:\/\/static.xx.fbcdn.net\/images\/emoji.php\/v9\/t33\/1\/16\/2705.png\" alt=\"\u2705\" width=\"16\" height=\"16\" \/><\/span> Tenemos muchas propuestas para vos desde las 10 hs.<\/div>\n<div dir=\"auto\"><span class=\"x3nfvp2 x1j61x8r x1fcty0u xdj266r xhhsvwb xat24cr xgzva0m xxymvpz xlup9mm x1kky2od\"><img loading=\"lazy\" decoding=\"async\" src=\"https:\/\/static.xx.fbcdn.net\/images\/emoji.php\/v9\/t9f\/1\/16\/26c5.png\" alt=\"\u26c5\" width=\"16\" height=\"16\" \/><\/span> \u00bfEl escenario? Las Plazas, por supuesto<\/div>\n<div dir=\"auto\"><span class=\"x3nfvp2 x1j61x8r x1fcty0u xdj266r xhhsvwb xat24cr xgzva0m xxymvpz xlup9mm x1kky2od\"><img loading=\"lazy\" decoding=\"async\" src=\"https:\/\/static.xx.fbcdn.net\/images\/emoji.php\/v9\/t8d\/1\/16\/1f449_1f3fc.png\" alt=\"\ud83d\udc49\ud83c\udffc\" width=\"16\" height=\"16\" \/><\/span> Enterate de todo.<\/div>\n<div dir=\"auto\">Ven\u00ed con toda tu familia o amigos que nos volvemos a encontrar para entonar a viva voz \u00a1Que viva la Patria!<\/div>\n<div dir=\"auto\"><img loading=\"lazy\" decoding=\"async\" class=\"alignnone size-medium wp-image-6236\" src=\"https:\/\/innovacionygestion.net\/wp-content\/uploads\/2023\/05\/25-02-240x300.jpg\" alt=\"\" width=\"240\" height=\"300\" srcset=\"https:\/\/innovacionygestion.net\/wp-content\/uploads\/2023\/05\/25-02-240x300.jpg 240w, https:\/\/innovacionygestion.net\/wp-content\/uploads\/2023\/05\/25-02-819x1024.jpg 819w, https:\/\/innovacionygestion.net\/wp-content\/uploads\/2023\/05\/25-02-768x960.jpg 768w, https:\/\/innovacionygestion.net\/wp-content\/uploads\/2023\/05\/25-02-1229x1536.jpg 1229w, https:\/\/innovacionygestion.net\/wp-content\/uploads\/2023\/05\/25-02-1024x1280.jpg 1024w, https:\/\/innovacionygestion.net\/wp-content\/uploads\/2023\/05\/25-02.jpg 1440w\" sizes=\"(max-width: 240px) 100vw, 240px\" \/><img loading=\"lazy\" decoding=\"async\" class=\"alignnone size-medium wp-image-6237\" src=\"https:\/\/innovacionygestion.net\/wp-content\/uploads\/2023\/05\/25-03-240x300.jpg\" alt=\"\" width=\"240\" height=\"300\" srcset=\"https:\/\/innovacionygestion.net\/wp-content\/uploads\/2023\/05\/25-03-240x300.jpg 240w, https:\/\/innovacionygestion.net\/wp-content\/uploads\/2023\/05\/25-03-819x1024.jpg 819w, https:\/\/innovacionygestion.net\/wp-content\/uploads\/2023\/05\/25-03-768x960.jpg 768w, https:\/\/innovacionygestion.net\/wp-content\/uploads\/2023\/05\/25-03-1229x1536.jpg 1229w, https:\/\/innovacionygestion.net\/wp-content\/uploads\/2023\/05\/25-03-1024x1280.jpg 1024w, https:\/\/innovacionygestion.net\/wp-content\/uploads\/2023\/05\/25-03.jpg 1440w\" sizes=\"(max-width: 240px) 100vw, 240px\" \/><\/div>\n<\/div>\n","protected":false},"excerpt":{"rendered":"<p>Este mi\u00e9rcoles 24\/05 viviremos con mucho orgullo, el tradicional desfile y la pe\u00f1a patria, previo<\/p>\n","protected":false},"author":2,"featured_media":6235,"comment_status":"open","ping_status":"open","sticky":false,"template":"","format":"standard","meta":{"footnotes":""},"categories":[33,9],"tags":[],"_links":{"self":[{"href":"https:\/\/innovacionygestion.net\/index.php\/wp-json\/wp\/v2\/posts\/6234"}],"collection":[{"href":"https:\/\/innovacionygestion.net\/index.php\/wp-json\/wp\/v2\/posts"}],"about":[{"href":"https:\/\/innovacionygestion.net\/index.php\/wp-json\/wp\/v2\/types\/post"}],"author":[{"embeddable":true,"href":"https:\/\/innovacionygestion.net\/index.php\/wp-json\/wp\/v2\/users\/2"}],"replies":[{"embeddable":true,"href":"https:\/\/innovacionygestion.net\/index.php\/wp-json\/wp\/v2\/comments?post=6234"}],"version-history":[{"count":1,"href":"https:\/\/innovacionygestion.net\/index.php\/wp-json\/wp\/v2\/posts\/6234\/revisions"}],"predecessor-version":[{"id":6238,"href":"https:\/\/innovacionygestion.net\/index.php\/wp-json\/wp\/v2\/posts\/6234\/revisions\/6238"}],"wp:featuredmedia":[{"embeddable":true,"href":"https:\/\/innovacionygestion.net\/index.php\/wp-json\/wp\/v2\/media\/6235"}],"wp:attachment":[{"href":"https:\/\/innovacionygestion.net\/index.php\/wp-json\/wp\/v2\/media?parent=6234"}],"wp:term":[{"taxonomy":"category","embeddable":true,"href":"https:\/\/innovacionygestion.net\/index.php\/wp-json\/wp\/v2\/categories?post=6234"},{"taxonomy":"post_tag","embeddable":true,"href":"https:\/\/innovacionygestion.net\/index.php\/wp-json\/wp\/v2\/tags?post=6234"}],"curies":[{"name":"wp","href":"https:\/\/api.w.org\/{rel}","templated":true}]}}