{"id":6304,"date":"2023-06-15T09:11:48","date_gmt":"2023-06-15T12:11:48","guid":{"rendered":"https:\/\/innovacionygestion.net\/?p=6304"},"modified":"2023-06-15T09:11:48","modified_gmt":"2023-06-15T12:11:48","slug":"continuan-los-trabajos-de-arborizacion-en-la-urbanizacion-itaembe-guazu","status":"publish","type":"post","link":"https:\/\/innovacionygestion.net\/index.php\/2023\/06\/15\/continuan-los-trabajos-de-arborizacion-en-la-urbanizacion-itaembe-guazu\/","title":{"rendered":"Contin\u00faan los trabajos de arborizaci\u00f3n en la urbanizaci\u00f3n Itaemb\u00e9 Guaz\u00fa."},"content":{"rendered":"<p>Arborizaci\u00f3n y conciencia ambientalista en Itaemb\u00e9 Guaz\u00fa<\/p>\n<p>A partir de la pol\u00edtica de gesti\u00f3n del Instituto Provincial de Desarrollo Habitacional, que contin\u00faa potenciando su lineamiento de trabajo en torno al compromiso con el cuidado del medio ambiente y, en el marco del proyecto Infraestructura Verde, que lleva adelante este en la urbanizaci\u00f3n Itaemb\u00e9 Guaz\u00fa de la ciudad de Posadas, se dio inicio a una nueva etapa de arborizaci\u00f3n.<\/p>\n<p>El equipo, coordinado desde el Instituto, comenz\u00f3 con el plantado, en los sectores 3 B, de 508 Viviendas Sustentables, y el 3 C.<\/p>\n<p>En lo que ata\u00f1e a las veredas, las especies elegidas fueron las nativas de peque\u00f1o porte, como la cerella y la pitanga; debido a la infraestructura de esta \u00e1rea, que posee redes de conductos de gas y dem\u00e1s servicios.<\/p>\n<p>Por otro lado, sobre la Avenida Pino Paran\u00e1, frente a las casas, se colocaron plantines de lapacho amarillo y, pata de buey, dado que el di\u00e1metro de las veredas lo permit\u00eda. En la Avenida Yerba Mate, que tiene como intersecci\u00f3n, la arteria de las Industrias, se realiz\u00f3 una reposici\u00f3n de plantas, y las elegidas fueron palo borracho y timb\u00f3.<\/p>\n<p>Respecto a la modalidad de trabajo, desde el Instituto, Claudia Reynoso, coment\u00f3 que cada plant\u00edn es colocado con su tutor correspondiente y abonado con sustrato de alta calidad, con el prop\u00f3sito de que la planta crezca con fuerza, y de manera arm\u00f3nica.<\/p>\n<p>Esta actividad se acompa\u00f1a con tareas de sensibilizaci\u00f3n al vecino. En las charlas brindadas por el equipo, se informa a estos sobre las especies elegidas, sus caracter\u00edsticas y cuidados, a partir de su conveniencia, dado que la elecci\u00f3n de las especies no es azarosa, conlleva un an\u00e1lisis dentro de la planificaci\u00f3n y, por tanto, es de sumo cuidado respetar el mismo. Esta concientizaci\u00f3n es relevante poque el cuidado de los \u00e1rboles es tarea de todos, y los vecinos tienen un papel preponderante en ello.<\/p>\n<p>Debido a lo mencionado anteriormente, se han tenido que extraer 27 \u00e1rboles que no eran recomendados para veredas; dichos \u00e1rboles debieron ser trasladados a otros sectores aptos para esas especies.<\/p>\n<p>Resumen<\/p>\n<p>Las manzanas abordadas fueron las siguientes: 537, 539, 542, 547, 544, 543, 541, 543, 509, 511, 512, 513, 514, 16, 18 y 538.<\/p>\n<p>Y el corriente mes se ha planificado continuar con la actividad en el nuevo sector denominado 9. A la fecha, se llevan plantados 490 \u00e1rboles.<\/p>\n<p>En el sector 3C, el cual comprende parte de los lotes con infraestructura y servicios que posee el Iprodha, se est\u00e1n finalizando tareas de limpieza y desmalezamiento, en conjunto con la municipalidad, que realiza la recolecci\u00f3n de excedentes.<\/p>\n<p>Desde el Instituto, trasmitieron a los vecinos frentistas interesados, que pueden acercarse a consultar a la delegaci\u00f3n del Instituto sobre las especies y sus caracter\u00edsticas. Tambi\u00e9n se les proveer\u00e1 informaci\u00f3n sobre la importancia de plantar c\u00e9sped en la vereda; este evita la p\u00e9rdida de suelo, debido a las pendientes en los lotes.<\/p>\n<p>En este contexto, cabe mencionar que en el D\u00eda Mundial del Medio Ambiente, celebrado a principios de semana, se comparti\u00f3 un programa organizado en conjunto por la Municipalidad de Posadas, Huella Verde, y la escuela 967 del sector 508 viviendas de Itaemb\u00e9 Guaz\u00fa.<\/p>\n<p>Se realiz\u00f3 una charla sobre la importancia de la clasificaci\u00f3n y separaci\u00f3n de los residuos, en origen, y c\u00f3mo contribuye esto a un ambiente saludable. Asimismo, se concientiz\u00f3 acerca de la importancia de mantener limpios los espacios propios y comunes, para prevenir enfermedades, como el dengue.<\/p>\n<p>\u201cJunto a los alumnos de 7mo grado, se plantaron \u00e1rboles en el espacio verde frente a la escuela, para dar vida a un nuevo sitio, esperando que los chicos se apropien del mismo, y lo cuiden, sabiendo que podr\u00e1n disfrutarlo durante su vida\u201d precis\u00f3 Reynoso, en relaci\u00f3n a la tarea comprometida que llevan adelante en Itaemb\u00e9 Guaz\u00fa.<\/p>\n<p>Tambi\u00e9n es importante mencionar que en breve se intensificar\u00e1n los trabajos en la cortina vegetal que separa las viviendas de la traves\u00eda urbana de la Ruta Nacional N\u00ba 12.<\/p>\n<p><img loading=\"lazy\" decoding=\"async\" class=\"alignnone  wp-image-6306\" src=\"https:\/\/innovacionygestion.net\/wp-content\/uploads\/2023\/06\/WhatsApp-Image-2023-06-12-at-10.01.15-300x135.jpeg\" alt=\"\" width=\"311\" height=\"140\" srcset=\"https:\/\/innovacionygestion.net\/wp-content\/uploads\/2023\/06\/WhatsApp-Image-2023-06-12-at-10.01.15-300x135.jpeg 300w, https:\/\/innovacionygestion.net\/wp-content\/uploads\/2023\/06\/WhatsApp-Image-2023-06-12-at-10.01.15-1024x461.jpeg 1024w, https:\/\/innovacionygestion.net\/wp-content\/uploads\/2023\/06\/WhatsApp-Image-2023-06-12-at-10.01.15-768x346.jpeg 768w, https:\/\/innovacionygestion.net\/wp-content\/uploads\/2023\/06\/WhatsApp-Image-2023-06-12-at-10.01.15-1536x692.jpeg 1536w, https:\/\/innovacionygestion.net\/wp-content\/uploads\/2023\/06\/WhatsApp-Image-2023-06-12-at-10.01.15.jpeg 1600w\" sizes=\"(max-width: 311px) 100vw, 311px\" \/><img loading=\"lazy\" decoding=\"async\" class=\"alignnone  wp-image-6307\" src=\"https:\/\/innovacionygestion.net\/wp-content\/uploads\/2023\/06\/WhatsApp-Image-2023-06-12-at-10.01.28-135x300.jpeg\" alt=\"\" width=\"63\" height=\"140\" srcset=\"https:\/\/innovacionygestion.net\/wp-content\/uploads\/2023\/06\/WhatsApp-Image-2023-06-12-at-10.01.28-135x300.jpeg 135w, https:\/\/innovacionygestion.net\/wp-content\/uploads\/2023\/06\/WhatsApp-Image-2023-06-12-at-10.01.28-461x1024.jpeg 461w, https:\/\/innovacionygestion.net\/wp-content\/uploads\/2023\/06\/WhatsApp-Image-2023-06-12-at-10.01.28-692x1536.jpeg 692w, https:\/\/innovacionygestion.net\/wp-content\/uploads\/2023\/06\/WhatsApp-Image-2023-06-12-at-10.01.28.jpeg 721w\" sizes=\"(max-width: 63px) 100vw, 63px\" \/><img loading=\"lazy\" decoding=\"async\" class=\"alignnone  wp-image-6308\" src=\"https:\/\/innovacionygestion.net\/wp-content\/uploads\/2023\/06\/WhatsApp-Image-2023-06-12-at-10.01.39-135x300.jpeg\" alt=\"\" width=\"62\" height=\"138\" srcset=\"https:\/\/innovacionygestion.net\/wp-content\/uploads\/2023\/06\/WhatsApp-Image-2023-06-12-at-10.01.39-135x300.jpeg 135w, https:\/\/innovacionygestion.net\/wp-content\/uploads\/2023\/06\/WhatsApp-Image-2023-06-12-at-10.01.39-461x1024.jpeg 461w, https:\/\/innovacionygestion.net\/wp-content\/uploads\/2023\/06\/WhatsApp-Image-2023-06-12-at-10.01.39-692x1536.jpeg 692w, https:\/\/innovacionygestion.net\/wp-content\/uploads\/2023\/06\/WhatsApp-Image-2023-06-12-at-10.01.39.jpeg 721w\" sizes=\"(max-width: 62px) 100vw, 62px\" \/><\/p>\n","protected":false},"excerpt":{"rendered":"<p>Arborizaci\u00f3n y conciencia ambientalista en Itaemb\u00e9 Guaz\u00fa A partir de la pol\u00edtica de gesti\u00f3n del<\/p>\n","protected":false},"author":2,"featured_media":6305,"comment_status":"open","ping_status":"open","sticky":false,"template":"","format":"standard","meta":{"footnotes":""},"categories":[26],"tags":[],"_links":{"self":[{"href":"https:\/\/innovacionygestion.net\/index.php\/wp-json\/wp\/v2\/posts\/6304"}],"collection":[{"href":"https:\/\/innovacionygestion.net\/index.php\/wp-json\/wp\/v2\/posts"}],"about":[{"href":"https:\/\/innovacionygestion.net\/index.php\/wp-json\/wp\/v2\/types\/post"}],"author":[{"embeddable":true,"href":"https:\/\/innovacionygestion.net\/index.php\/wp-json\/wp\/v2\/users\/2"}],"replies":[{"embeddable":true,"href":"https:\/\/innovacionygestion.net\/index.php\/wp-json\/wp\/v2\/comments?post=6304"}],"version-history":[{"count":1,"href":"https:\/\/innovacionygestion.net\/index.php\/wp-json\/wp\/v2\/posts\/6304\/revisions"}],"predecessor-version":[{"id":6309,"href":"https:\/\/innovacionygestion.net\/index.php\/wp-json\/wp\/v2\/posts\/6304\/revisions\/6309"}],"wp:featuredmedia":[{"embeddable":true,"href":"https:\/\/innovacionygestion.net\/index.php\/wp-json\/wp\/v2\/media\/6305"}],"wp:attachment":[{"href":"https:\/\/innovacionygestion.net\/index.php\/wp-json\/wp\/v2\/media?parent=6304"}],"wp:term":[{"taxonomy":"category","embeddable":true,"href":"https:\/\/innovacionygestion.net\/index.php\/wp-json\/wp\/v2\/categories?post=6304"},{"taxonomy":"post_tag","embeddable":true,"href":"https:\/\/innovacionygestion.net\/index.php\/wp-json\/wp\/v2\/tags?post=6304"}],"curies":[{"name":"wp","href":"https:\/\/api.w.org\/{rel}","templated":true}]}}