{"id":6426,"date":"2023-08-15T07:11:54","date_gmt":"2023-08-15T10:11:54","guid":{"rendered":"https:\/\/innovacionygestion.net\/?p=6426"},"modified":"2023-08-15T07:11:54","modified_gmt":"2023-08-15T10:11:54","slug":"trabajan-para-entregar-134-titulos-de-propiedad-en-pozo-azul","status":"publish","type":"post","link":"https:\/\/innovacionygestion.net\/index.php\/2023\/08\/15\/trabajan-para-entregar-134-titulos-de-propiedad-en-pozo-azul\/","title":{"rendered":"Trabajan para entregar 134 t\u00edtulos de propiedad en Pozo Azul"},"content":{"rendered":"<p>El equipo del Programa de Regularizaci\u00f3n Dominial del Instituto Provincial de Desarrollo Habitacional (IPRODHA) est\u00e1 en los detalles finales para materializar la entrega de 134 nuevas escrituras a familias de la localidad de Pozo Azul.<\/p>\n<p>Como preludio de lo que ser\u00e1 est\u00e1 sumatoria de normalizaciones, en la tenencia de las tierras de los productores del municipio de Pozo Azul,\u2014donde se llevan ya concretadas numerosas regularizaciones\u2014, la semana pasada, el agricultor, Sigfrido Germ\u00e1n Konig, en el contexto de su permanencia en la capital provincial por razones de salud, se acerc\u00f3 al Instituto, a retirar la escritura de la parcela de tierra, donde vive y produce.<\/p>\n<p>El t\u00edtulo de propiedad del se\u00f1or Konig corresponde a una fracci\u00f3n de cinco hect\u00e1reas, ubicada en el Paraje \u201cPort\u00f3n Viejo&#8221;; donde la familia cultiva ma\u00edz, cr\u00eda gallinas, y cerdos; cuya carne comercializan en parte, adem\u00e1s de destinarla al consumo propio.<\/p>\n<p>Sigfrido, de 64 a\u00f1os, es un peque\u00f1o agricultor, como la mayor\u00eda de la zona. Al compartir parte de sus vivencias, en el lugar, expres\u00f3 que \u201cdesde muy joven, trabaj\u00e9 de sol a sombra, a veces, entrada la noche, y en madrugadas, tambi\u00e9n, en oportunidades acarre\u00e9 mucho peso, y eso me llev\u00f3 a una dolencia severa en mi columna, sumado a un ACV, que sufr\u00ed mientras trabajaba en la chacra\u201d, coment\u00f3 el hombre sensibilizado. En este marco, agreg\u00f3 que le cuesta no poder ir a \u201claburar al monte, que es lo que m\u00e1s me gusta\u201d, a la vez, que destac\u00f3 que su gran satisfacci\u00f3n es tener ahora los papeles en orden, y ser due\u00f1o de la tierra que tanto quiere, para \u00e9l y su familia.<\/p>\n<p>Cabe acotar que en Pozo Azul, el Gobierno Provincial a trav\u00e9s del IPRODHA, lleva ya perfeccionados 2.300 Boletos de Compraventa, de los cuales ya se han titularizado a 1.140 vecinos mediante la Escritura P\u00fablica, resumi\u00f3 el escribano Marcelo Castro del Instituto.<\/p>\n","protected":false},"excerpt":{"rendered":"<p>El equipo del Programa de Regularizaci\u00f3n Dominial del Instituto Provincial de Desarrollo Habitacional (IPRODHA) est\u00e1<\/p>\n","protected":false},"author":2,"featured_media":6427,"comment_status":"open","ping_status":"open","sticky":false,"template":"","format":"standard","meta":{"footnotes":""},"categories":[26],"tags":[],"_links":{"self":[{"href":"https:\/\/innovacionygestion.net\/index.php\/wp-json\/wp\/v2\/posts\/6426"}],"collection":[{"href":"https:\/\/innovacionygestion.net\/index.php\/wp-json\/wp\/v2\/posts"}],"about":[{"href":"https:\/\/innovacionygestion.net\/index.php\/wp-json\/wp\/v2\/types\/post"}],"author":[{"embeddable":true,"href":"https:\/\/innovacionygestion.net\/index.php\/wp-json\/wp\/v2\/users\/2"}],"replies":[{"embeddable":true,"href":"https:\/\/innovacionygestion.net\/index.php\/wp-json\/wp\/v2\/comments?post=6426"}],"version-history":[{"count":1,"href":"https:\/\/innovacionygestion.net\/index.php\/wp-json\/wp\/v2\/posts\/6426\/revisions"}],"predecessor-version":[{"id":6428,"href":"https:\/\/innovacionygestion.net\/index.php\/wp-json\/wp\/v2\/posts\/6426\/revisions\/6428"}],"wp:featuredmedia":[{"embeddable":true,"href":"https:\/\/innovacionygestion.net\/index.php\/wp-json\/wp\/v2\/media\/6427"}],"wp:attachment":[{"href":"https:\/\/innovacionygestion.net\/index.php\/wp-json\/wp\/v2\/media?parent=6426"}],"wp:term":[{"taxonomy":"category","embeddable":true,"href":"https:\/\/innovacionygestion.net\/index.php\/wp-json\/wp\/v2\/categories?post=6426"},{"taxonomy":"post_tag","embeddable":true,"href":"https:\/\/innovacionygestion.net\/index.php\/wp-json\/wp\/v2\/tags?post=6426"}],"curies":[{"name":"wp","href":"https:\/\/api.w.org\/{rel}","templated":true}]}}