{"id":683,"date":"2020-01-29T08:30:41","date_gmt":"2020-01-29T11:30:41","guid":{"rendered":"https:\/\/innovacionygestion.net\/?p=683"},"modified":"2020-01-29T08:30:41","modified_gmt":"2020-01-29T11:30:41","slug":"el-municipio-reparo-la-avenida-170-de-itaembe-mini-oeste","status":"publish","type":"post","link":"https:\/\/innovacionygestion.net\/index.php\/2020\/01\/29\/el-municipio-reparo-la-avenida-170-de-itaembe-mini-oeste\/","title":{"rendered":"El municipio repar\u00f3 la avenida 170 de Itaemb\u00e9 Min\u00ed Oeste"},"content":{"rendered":"<p dir=\"ltr\">La Municipalidad de Posadas concret\u00f3 un operativo de bacheo profundo en la avenida 170, entre 145 y 147 de Itaemb\u00e9 Min\u00ed Oeste.<\/p>\n<p dir=\"ltr\">Este trabajo tiene como intenci\u00f3n optimizar la capa de rodamiento de este cruce de arterias. Para ello, se removieron los adoquines, se colocaron balastro y piedra 19 32, las cuales fueron compactadas para finalmente tapar toda la zona de trabajo con material asf\u00e1ltico.<\/p>\n<p dir=\"ltr\">Mar\u00eda del Carmen Pereira, una vecina de Itaemb\u00e9 Min\u00ed Oeste asegur\u00f3 que \u201ces importante que se desarrollen este tipo de trabajos en este lugar es transitado por colectivos y autos particulares que se dirigen hacia distintos comercios ubicados sobre la 147\u201d.<\/p>\n<p dir=\"ltr\">Desde el municipio aseguraron que estos trabajos se desarrollar\u00e1n en distintos puntos de la ciudad, con la intenci\u00f3n darle el mantenimiento necesario a todos los caminos de los barrios y el microcentro.<\/p>\n<p dir=\"ltr\">Fuente: Municipalidad de Posadas<\/p>\n","protected":false},"excerpt":{"rendered":"<p>La Municipalidad de Posadas concret\u00f3 un operativo de bacheo profundo en la avenida 170, entre<\/p>\n","protected":false},"author":2,"featured_media":684,"comment_status":"open","ping_status":"open","sticky":false,"template":"","format":"standard","meta":{"footnotes":""},"categories":[2],"tags":[],"_links":{"self":[{"href":"https:\/\/innovacionygestion.net\/index.php\/wp-json\/wp\/v2\/posts\/683"}],"collection":[{"href":"https:\/\/innovacionygestion.net\/index.php\/wp-json\/wp\/v2\/posts"}],"about":[{"href":"https:\/\/innovacionygestion.net\/index.php\/wp-json\/wp\/v2\/types\/post"}],"author":[{"embeddable":true,"href":"https:\/\/innovacionygestion.net\/index.php\/wp-json\/wp\/v2\/users\/2"}],"replies":[{"embeddable":true,"href":"https:\/\/innovacionygestion.net\/index.php\/wp-json\/wp\/v2\/comments?post=683"}],"version-history":[{"count":1,"href":"https:\/\/innovacionygestion.net\/index.php\/wp-json\/wp\/v2\/posts\/683\/revisions"}],"predecessor-version":[{"id":685,"href":"https:\/\/innovacionygestion.net\/index.php\/wp-json\/wp\/v2\/posts\/683\/revisions\/685"}],"wp:featuredmedia":[{"embeddable":true,"href":"https:\/\/innovacionygestion.net\/index.php\/wp-json\/wp\/v2\/media\/684"}],"wp:attachment":[{"href":"https:\/\/innovacionygestion.net\/index.php\/wp-json\/wp\/v2\/media?parent=683"}],"wp:term":[{"taxonomy":"category","embeddable":true,"href":"https:\/\/innovacionygestion.net\/index.php\/wp-json\/wp\/v2\/categories?post=683"},{"taxonomy":"post_tag","embeddable":true,"href":"https:\/\/innovacionygestion.net\/index.php\/wp-json\/wp\/v2\/tags?post=683"}],"curies":[{"name":"wp","href":"https:\/\/api.w.org\/{rel}","templated":true}]}}