{"id":686,"date":"2020-01-29T08:44:39","date_gmt":"2020-01-29T11:44:39","guid":{"rendered":"https:\/\/innovacionygestion.net\/?p=686"},"modified":"2020-01-29T08:44:39","modified_gmt":"2020-01-29T11:44:39","slug":"rompiendo-mitos-en-posadas-la-campana-de-prevencion-contra-el-dengue-fue-elogiada-por-nacion","status":"publish","type":"post","link":"https:\/\/innovacionygestion.net\/index.php\/2020\/01\/29\/rompiendo-mitos-en-posadas-la-campana-de-prevencion-contra-el-dengue-fue-elogiada-por-nacion\/","title":{"rendered":"Rompiendo mitos: en Posadas, la campa\u00f1a de prevenci\u00f3n contra el dengue fue elogiada por Naci\u00f3n"},"content":{"rendered":"<p dir=\"ltr\">Lo confirm\u00f3 la doctora Lhea Alegre, secretaria municipal de Salud y Medio Ambiente. \u201cVen con asombro la llegada que tiene Salud con los vecinos. Porque vamos a las casas y les mostramos d\u00f3nde se pueden encontrar las larvas de los mosquitos\u201d, dijo.<\/p>\n<p dir=\"ltr\">Es intensa la lucha para prevenir la proliferaci\u00f3n de los mosquitos transmisores de enfermedades vectoriales en Posadas. Tal es as\u00ed que el propio ministro de Salud de Naci\u00f3n, Gin\u00e9s Gonz\u00e1lez Garc\u00eda elogi\u00f3 la campa\u00f1a de prevenci\u00f3n que ejecuta la Municipalidad en la capital misionera. As\u00ed lo confirm\u00f3 la doctora Lhea Alegre, secretaria municipal de Salud y Medio Ambiente.<\/p>\n<p dir=\"ltr\">\u201cLa campa\u00f1a que realizamos contra el dengue fue elogiada por el ministro de Salud de Naci\u00f3n. Ellos ven con asombro la llegada que tiene Salud a los vecinos. Porque vamos a las casas, les mostramos d\u00f3nde se pueden encontrar los criaderos de los mosquitos vectores y ven las larvas\u201d, sostuvo la funcionaria municipal.<\/p>\n<p dir=\"ltr\">\u201cY as\u00ed estamos rompiendo paradigma cara a cara con los vecinos. Es impresionante como el vecino est\u00e1 cambiando el chip, en cuanto a la conciencia de la prevenci\u00f3n de enfermedades\u201d, indic\u00f3 para luego agregar que \u201cen los \u00faltimos 20 a\u00f1os,\u00a0 nuestra zona es la regi\u00f3n donde m\u00e1s estudios se realizaron\u201d.<\/p>\n<p dir=\"ltr\">Adem\u00e1s, la secretaria municipal se refiri\u00f3 a las pol\u00edticas que se implementar\u00e1n para el cuidado del medio ambiente en Posadas.\u00a0 \u201cNo podemos pensar en una buena salud con un medio ambiente en decadencia\u201d, resalt\u00f3 la doctora Alegre. \u201cHasta hoy, la Municipalidad no se enfocaba en la cuesti\u00f3n netamente del medio ambiente sino que se abordaba la salud humana y no desde el cambio clim\u00e1tico, ejes de cuenca. Esta es la impronta que vamos a dar durante los pr\u00f3ximos cuatro a\u00f1os\u201d, afirm\u00f3 al concluir.<\/p>\n<p dir=\"ltr\">Fuente: Municipalidad de Posadas<\/p>\n","protected":false},"excerpt":{"rendered":"<p>Lo confirm\u00f3 la doctora Lhea Alegre, secretaria municipal de Salud y Medio Ambiente. \u201cVen con<\/p>\n","protected":false},"author":2,"featured_media":687,"comment_status":"open","ping_status":"open","sticky":false,"template":"","format":"standard","meta":{"footnotes":""},"categories":[2],"tags":[],"_links":{"self":[{"href":"https:\/\/innovacionygestion.net\/index.php\/wp-json\/wp\/v2\/posts\/686"}],"collection":[{"href":"https:\/\/innovacionygestion.net\/index.php\/wp-json\/wp\/v2\/posts"}],"about":[{"href":"https:\/\/innovacionygestion.net\/index.php\/wp-json\/wp\/v2\/types\/post"}],"author":[{"embeddable":true,"href":"https:\/\/innovacionygestion.net\/index.php\/wp-json\/wp\/v2\/users\/2"}],"replies":[{"embeddable":true,"href":"https:\/\/innovacionygestion.net\/index.php\/wp-json\/wp\/v2\/comments?post=686"}],"version-history":[{"count":1,"href":"https:\/\/innovacionygestion.net\/index.php\/wp-json\/wp\/v2\/posts\/686\/revisions"}],"predecessor-version":[{"id":688,"href":"https:\/\/innovacionygestion.net\/index.php\/wp-json\/wp\/v2\/posts\/686\/revisions\/688"}],"wp:featuredmedia":[{"embeddable":true,"href":"https:\/\/innovacionygestion.net\/index.php\/wp-json\/wp\/v2\/media\/687"}],"wp:attachment":[{"href":"https:\/\/innovacionygestion.net\/index.php\/wp-json\/wp\/v2\/media?parent=686"}],"wp:term":[{"taxonomy":"category","embeddable":true,"href":"https:\/\/innovacionygestion.net\/index.php\/wp-json\/wp\/v2\/categories?post=686"},{"taxonomy":"post_tag","embeddable":true,"href":"https:\/\/innovacionygestion.net\/index.php\/wp-json\/wp\/v2\/tags?post=686"}],"curies":[{"name":"wp","href":"https:\/\/api.w.org\/{rel}","templated":true}]}}