{"id":707,"date":"2020-02-02T10:03:22","date_gmt":"2020-02-02T13:03:22","guid":{"rendered":"https:\/\/innovacionygestion.net\/?p=707"},"modified":"2020-02-02T10:16:01","modified_gmt":"2020-02-02T13:16:01","slug":"jovenes-posadenos-participaron-de-una-jornada-integradora-en-el-complejo-yabebiri","status":"publish","type":"post","link":"https:\/\/innovacionygestion.net\/index.php\/2020\/02\/02\/jovenes-posadenos-participaron-de-una-jornada-integradora-en-el-complejo-yabebiri\/","title":{"rendered":"J\u00f3venes posade\u00f1os participaron de una jornada integradora en el complejo Yabebir\u00ed"},"content":{"rendered":"<p dir=\"ltr\">Este viernes, m\u00e1s de 100 j\u00f3venes posade\u00f1os participaron de una jornada educativa y recreativa en el complejo Yabebir\u00ed, ubicado en la localidad de Loreto.<\/p>\n<p dir=\"ltr\">La actividad, organizada por la Direcci\u00f3n de la Juventud tiene como fin llevar un mensaje educativo pero con una metodolog\u00eda disruptiva de aprendizaje.<\/p>\n<p dir=\"ltr\">M\u00fasica, deportes, pileta, paisajes misioneros entre otras cosas formaron parte de la jornada. En ese contexto distendido se llevaron a cabo las charlas informativas sobre comunicaci\u00f3n, redes sociales y violencia familiar.<\/p>\n<p dir=\"ltr\">El trabajo en conjunto con el Programa de Asistencia Solidaria (P.A.S) impuls\u00f3 el desarrollo de este tipo de actividades que se seguir\u00e1n realizando durante todo el a\u00f1o.<\/p>\n<p dir=\"ltr\">Los profesionales que brindaron las charlas fueron integrantes de la Polic\u00eda de Misiones, quienes abordaron la tem\u00e1tica sobre la violencia familiar y los licenciados Marcelo C\u00e1ceres y Jorge Otero quienes expusieron sobre redes sociales y comunicaci\u00f3n.<\/p>\n<p dir=\"ltr\"><img loading=\"lazy\" decoding=\"async\" class=\"alignnone size-medium wp-image-713\" src=\"https:\/\/innovacionygestion.net\/wp-content\/uploads\/2020\/02\/Juventud-2-1-300x200.jpg\" alt=\"\" width=\"300\" height=\"200\" srcset=\"https:\/\/innovacionygestion.net\/wp-content\/uploads\/2020\/02\/Juventud-2-1-300x200.jpg 300w, https:\/\/innovacionygestion.net\/wp-content\/uploads\/2020\/02\/Juventud-2-1-768x512.jpg 768w, https:\/\/innovacionygestion.net\/wp-content\/uploads\/2020\/02\/Juventud-2-1-1024x682.jpg 1024w, https:\/\/innovacionygestion.net\/wp-content\/uploads\/2020\/02\/Juventud-2-1.jpg 1280w\" sizes=\"(max-width: 300px) 100vw, 300px\" \/><img loading=\"lazy\" decoding=\"async\" class=\"alignnone  wp-image-714\" src=\"https:\/\/innovacionygestion.net\/wp-content\/uploads\/2020\/02\/Juventud-300x225.jpg\" alt=\"\" width=\"267\" height=\"200\" srcset=\"https:\/\/innovacionygestion.net\/wp-content\/uploads\/2020\/02\/Juventud-300x225.jpg 300w, https:\/\/innovacionygestion.net\/wp-content\/uploads\/2020\/02\/Juventud-768x576.jpg 768w, https:\/\/innovacionygestion.net\/wp-content\/uploads\/2020\/02\/Juventud-1024x768.jpg 1024w, https:\/\/innovacionygestion.net\/wp-content\/uploads\/2020\/02\/Juventud.jpg 1040w\" sizes=\"(max-width: 267px) 100vw, 267px\" \/><\/p>\n<p><b>Direcci\u00f3n de Prensa y Comunicaci\u00f3n Institucional<\/b><\/p>\n<div class=\"x_gmail_signature\" dir=\"ltr\">\n<div dir=\"ltr\">\n<div dir=\"ltr\">\n<div><b>Municipalidad de Posadas<\/b><\/div>\n<\/div>\n<\/div>\n<\/div>\n","protected":false},"excerpt":{"rendered":"<p>Este viernes, m\u00e1s de 100 j\u00f3venes posade\u00f1os participaron de una jornada educativa y recreativa en<\/p>\n","protected":false},"author":2,"featured_media":708,"comment_status":"open","ping_status":"open","sticky":false,"template":"","format":"standard","meta":{"footnotes":""},"categories":[2],"tags":[],"_links":{"self":[{"href":"https:\/\/innovacionygestion.net\/index.php\/wp-json\/wp\/v2\/posts\/707"}],"collection":[{"href":"https:\/\/innovacionygestion.net\/index.php\/wp-json\/wp\/v2\/posts"}],"about":[{"href":"https:\/\/innovacionygestion.net\/index.php\/wp-json\/wp\/v2\/types\/post"}],"author":[{"embeddable":true,"href":"https:\/\/innovacionygestion.net\/index.php\/wp-json\/wp\/v2\/users\/2"}],"replies":[{"embeddable":true,"href":"https:\/\/innovacionygestion.net\/index.php\/wp-json\/wp\/v2\/comments?post=707"}],"version-history":[{"count":4,"href":"https:\/\/innovacionygestion.net\/index.php\/wp-json\/wp\/v2\/posts\/707\/revisions"}],"predecessor-version":[{"id":715,"href":"https:\/\/innovacionygestion.net\/index.php\/wp-json\/wp\/v2\/posts\/707\/revisions\/715"}],"wp:featuredmedia":[{"embeddable":true,"href":"https:\/\/innovacionygestion.net\/index.php\/wp-json\/wp\/v2\/media\/708"}],"wp:attachment":[{"href":"https:\/\/innovacionygestion.net\/index.php\/wp-json\/wp\/v2\/media?parent=707"}],"wp:term":[{"taxonomy":"category","embeddable":true,"href":"https:\/\/innovacionygestion.net\/index.php\/wp-json\/wp\/v2\/categories?post=707"},{"taxonomy":"post_tag","embeddable":true,"href":"https:\/\/innovacionygestion.net\/index.php\/wp-json\/wp\/v2\/tags?post=707"}],"curies":[{"name":"wp","href":"https:\/\/api.w.org\/{rel}","templated":true}]}}