{"id":725,"date":"2020-02-04T08:18:52","date_gmt":"2020-02-04T11:18:52","guid":{"rendered":"https:\/\/innovacionygestion.net\/?p=725"},"modified":"2020-02-04T08:18:52","modified_gmt":"2020-02-04T11:18:52","slug":"tres-barrios-eligieron-presidentes-de-comision-vecinal","status":"publish","type":"post","link":"https:\/\/innovacionygestion.net\/index.php\/2020\/02\/04\/tres-barrios-eligieron-presidentes-de-comision-vecinal\/","title":{"rendered":"Tres barrios eligieron presidentes de Comisi\u00f3n Vecinal"},"content":{"rendered":"<p dir=\"ltr\">Se llevaron adelante las votaciones en el barrio Las Vertientes, con gran participaci\u00f3n por parte de los vecinos, donde hubo dos listas, en la que se impuso la lista 2 cuyo presidente fue elegido Joel Medina.<\/p>\n<p dir=\"ltr\">En la Chacra 44 tambi\u00e9n se llevaron adelante las elecciones, hubo lista \u00fanica y fue electa Viviana Itati Nu\u00f1ez. Concurrieron a votar 86 vecinos.<\/p>\n<p dir=\"ltr\">En la Chacra 222 con la participaci\u00f3n de 175 vecinos se present\u00f3 lista \u00fanica y su representante es Cecilia Beatriz Nu\u00f1ez.<\/p>\n<p dir=\"ltr\">Cabe resaltar que en todos los casos, las elecciones fueron supervisadas por funcionarios de la Direcci\u00f3n de Asuntos Barriales de la Municipalidad de Posadas y del Honorable Concejo Deliberante.<\/p>\n<div><img loading=\"lazy\" decoding=\"async\" class=\"alignnone wp-image-728 size-medium\" src=\"https:\/\/innovacionygestion.net\/wp-content\/uploads\/2020\/02\/elecciones2-1-300x169.jpg\" alt=\"\" width=\"300\" height=\"169\" srcset=\"https:\/\/innovacionygestion.net\/wp-content\/uploads\/2020\/02\/elecciones2-1-300x169.jpg 300w, https:\/\/innovacionygestion.net\/wp-content\/uploads\/2020\/02\/elecciones2-1-768x432.jpg 768w, https:\/\/innovacionygestion.net\/wp-content\/uploads\/2020\/02\/elecciones2-1-1024x576.jpg 1024w, https:\/\/innovacionygestion.net\/wp-content\/uploads\/2020\/02\/elecciones2-1.jpg 1280w\" sizes=\"(max-width: 300px) 100vw, 300px\" \/><img loading=\"lazy\" decoding=\"async\" class=\"alignnone  wp-image-727\" src=\"https:\/\/innovacionygestion.net\/wp-content\/uploads\/2020\/02\/elecciones1-300x225.jpg\" alt=\"\" width=\"227\" height=\"170\" srcset=\"https:\/\/innovacionygestion.net\/wp-content\/uploads\/2020\/02\/elecciones1-300x225.jpg 300w, https:\/\/innovacionygestion.net\/wp-content\/uploads\/2020\/02\/elecciones1-768x576.jpg 768w, https:\/\/innovacionygestion.net\/wp-content\/uploads\/2020\/02\/elecciones1-1024x768.jpg 1024w, https:\/\/innovacionygestion.net\/wp-content\/uploads\/2020\/02\/elecciones1.jpg 1032w\" sizes=\"(max-width: 227px) 100vw, 227px\" \/><\/div>\n<p>&#8212;<\/p>\n<div class=\"x_gmail_signature\" dir=\"ltr\">\n<div dir=\"ltr\">\n<div>\n<div dir=\"ltr\">\n<div><b>Direcci\u00f3n de Prensa y Comunicaci\u00f3n Institucional<\/b><\/div>\n<div><b>Municipalidad de Posadas<\/b><\/div>\n<\/div>\n<\/div>\n<\/div>\n<\/div>\n","protected":false},"excerpt":{"rendered":"<p>Se llevaron adelante las votaciones en el barrio Las Vertientes, con gran participaci\u00f3n por parte<\/p>\n","protected":false},"author":2,"featured_media":726,"comment_status":"open","ping_status":"open","sticky":false,"template":"","format":"standard","meta":{"footnotes":""},"categories":[2],"tags":[],"_links":{"self":[{"href":"https:\/\/innovacionygestion.net\/index.php\/wp-json\/wp\/v2\/posts\/725"}],"collection":[{"href":"https:\/\/innovacionygestion.net\/index.php\/wp-json\/wp\/v2\/posts"}],"about":[{"href":"https:\/\/innovacionygestion.net\/index.php\/wp-json\/wp\/v2\/types\/post"}],"author":[{"embeddable":true,"href":"https:\/\/innovacionygestion.net\/index.php\/wp-json\/wp\/v2\/users\/2"}],"replies":[{"embeddable":true,"href":"https:\/\/innovacionygestion.net\/index.php\/wp-json\/wp\/v2\/comments?post=725"}],"version-history":[{"count":1,"href":"https:\/\/innovacionygestion.net\/index.php\/wp-json\/wp\/v2\/posts\/725\/revisions"}],"predecessor-version":[{"id":729,"href":"https:\/\/innovacionygestion.net\/index.php\/wp-json\/wp\/v2\/posts\/725\/revisions\/729"}],"wp:featuredmedia":[{"embeddable":true,"href":"https:\/\/innovacionygestion.net\/index.php\/wp-json\/wp\/v2\/media\/726"}],"wp:attachment":[{"href":"https:\/\/innovacionygestion.net\/index.php\/wp-json\/wp\/v2\/media?parent=725"}],"wp:term":[{"taxonomy":"category","embeddable":true,"href":"https:\/\/innovacionygestion.net\/index.php\/wp-json\/wp\/v2\/categories?post=725"},{"taxonomy":"post_tag","embeddable":true,"href":"https:\/\/innovacionygestion.net\/index.php\/wp-json\/wp\/v2\/tags?post=725"}],"curies":[{"name":"wp","href":"https:\/\/api.w.org\/{rel}","templated":true}]}}