{"id":862,"date":"2020-02-12T08:16:17","date_gmt":"2020-02-12T11:16:17","guid":{"rendered":"https:\/\/innovacionygestion.net\/?p=862"},"modified":"2020-02-12T08:16:17","modified_gmt":"2020-02-12T11:16:17","slug":"trabajan-para-mejorar-la-provision-de-agua-en-el-barrio-el-porvenir-i","status":"publish","type":"post","link":"https:\/\/innovacionygestion.net\/index.php\/2020\/02\/12\/trabajan-para-mejorar-la-provision-de-agua-en-el-barrio-el-porvenir-i\/","title":{"rendered":"Trabajan para mejorar la provisi\u00f3n de agua en el barrio  El Porvenir I"},"content":{"rendered":"<p dir=\"ltr\">Los vecinos del barrio El Porvenir I expusieron ante el equipo de Coordinaci\u00f3n de Tierra y H\u00e1bitat su problema con el acceso al servicio de agua potable.<\/p>\n<p dir=\"ltr\">La problem\u00e1tica surge por el incumplimiento de la prestaci\u00f3n, a cargo de la cooperativa creada en el barrio.<\/p>\n<p dir=\"ltr\">Seg\u00fan relatos de los vecinos de esta zona SAMSA realiz\u00f3 hace unos a\u00f1os los trabajos correspondientes para obtener el servicio domiciliario.<\/p>\n<p dir=\"ltr\">Luciana Scromeda, coordinadora de Tierra y H\u00e1bitat municipal se comprometi\u00f3 a acompa\u00f1arlos a realizar las gestiones correspondientes para que en breve las familias de este populoso barrio posade\u00f1o puedan acceder a la provisi\u00f3n de agua potable.<\/p>\n","protected":false},"excerpt":{"rendered":"<p>Los vecinos del barrio El Porvenir I expusieron ante el equipo de Coordinaci\u00f3n de Tierra<\/p>\n","protected":false},"author":2,"featured_media":863,"comment_status":"open","ping_status":"open","sticky":false,"template":"","format":"standard","meta":{"footnotes":""},"categories":[2],"tags":[],"_links":{"self":[{"href":"https:\/\/innovacionygestion.net\/index.php\/wp-json\/wp\/v2\/posts\/862"}],"collection":[{"href":"https:\/\/innovacionygestion.net\/index.php\/wp-json\/wp\/v2\/posts"}],"about":[{"href":"https:\/\/innovacionygestion.net\/index.php\/wp-json\/wp\/v2\/types\/post"}],"author":[{"embeddable":true,"href":"https:\/\/innovacionygestion.net\/index.php\/wp-json\/wp\/v2\/users\/2"}],"replies":[{"embeddable":true,"href":"https:\/\/innovacionygestion.net\/index.php\/wp-json\/wp\/v2\/comments?post=862"}],"version-history":[{"count":1,"href":"https:\/\/innovacionygestion.net\/index.php\/wp-json\/wp\/v2\/posts\/862\/revisions"}],"predecessor-version":[{"id":864,"href":"https:\/\/innovacionygestion.net\/index.php\/wp-json\/wp\/v2\/posts\/862\/revisions\/864"}],"wp:featuredmedia":[{"embeddable":true,"href":"https:\/\/innovacionygestion.net\/index.php\/wp-json\/wp\/v2\/media\/863"}],"wp:attachment":[{"href":"https:\/\/innovacionygestion.net\/index.php\/wp-json\/wp\/v2\/media?parent=862"}],"wp:term":[{"taxonomy":"category","embeddable":true,"href":"https:\/\/innovacionygestion.net\/index.php\/wp-json\/wp\/v2\/categories?post=862"},{"taxonomy":"post_tag","embeddable":true,"href":"https:\/\/innovacionygestion.net\/index.php\/wp-json\/wp\/v2\/tags?post=862"}],"curies":[{"name":"wp","href":"https:\/\/api.w.org\/{rel}","templated":true}]}}