{"id":929,"date":"2020-02-14T07:58:46","date_gmt":"2020-02-14T10:58:46","guid":{"rendered":"https:\/\/innovacionygestion.net\/?p=929"},"modified":"2020-02-14T07:58:46","modified_gmt":"2020-02-14T10:58:46","slug":"mas-de-mil-flores-lucen-en-la-rotonda-del-monumento-al-papa","status":"publish","type":"post","link":"https:\/\/innovacionygestion.net\/index.php\/2020\/02\/14\/mas-de-mil-flores-lucen-en-la-rotonda-del-monumento-al-papa\/","title":{"rendered":"M\u00e1s de mil flores lucen en la rotonda del Monumento al Papa"},"content":{"rendered":"<p dir=\"ltr\">Con la intenci\u00f3n de embellecer la Costanera de la ciudad, se dio inicio a una plantaci\u00f3n de flores en las rotondas del paseo costero.<\/p>\n<p dir=\"ltr\">Este trabajo se dio inicio en la intersecci\u00f3n de las avenidas Roque S\u00e1enz Pe\u00f1a y Costanera, en donde se plantaron 1300 plantines de penachos, torenias, copetes y vincas, todas flores de estaci\u00f3n, cuyas caracter\u00edsticas es que soportan las altas temperaturas y, por su manera de administrar su hidrataci\u00f3n, pueden tolerar la falta de agua.<\/p>\n<p dir=\"ltr\">Tambi\u00e9n se realizaron en la rotonda del Monumento del Papa, en la Plaza de los Ca\u00eddos en la Guerra de Malvinas, rotonda de Bol\u00edvar y Costanera frente a la ex estaci\u00f3n de Trenes y Urquiza y Costanera.<\/p>\n<p dir=\"ltr\">El mantenimiento de estos trabajos se realiza a diario con una labor de cuidado y riego a trav\u00e9s de un tractor de base costanera.<\/p>\n<p dir=\"ltr\"><img loading=\"lazy\" decoding=\"async\" class=\"alignnone size-medium wp-image-931\" src=\"https:\/\/innovacionygestion.net\/wp-content\/uploads\/2020\/02\/1-300x201.jpg\" alt=\"\" width=\"300\" height=\"201\" srcset=\"https:\/\/innovacionygestion.net\/wp-content\/uploads\/2020\/02\/1-300x200.jpg 300w, https:\/\/innovacionygestion.net\/wp-content\/uploads\/2020\/02\/1-768x514.jpg 768w, https:\/\/innovacionygestion.net\/wp-content\/uploads\/2020\/02\/1-1024x685.jpg 1024w, https:\/\/innovacionygestion.net\/wp-content\/uploads\/2020\/02\/1.jpg 1280w\" sizes=\"(max-width: 300px) 100vw, 300px\" \/><\/p>\n","protected":false},"excerpt":{"rendered":"<p>Con la intenci\u00f3n de embellecer la Costanera de la ciudad, se dio inicio a una<\/p>\n","protected":false},"author":2,"featured_media":930,"comment_status":"open","ping_status":"open","sticky":false,"template":"","format":"standard","meta":{"footnotes":""},"categories":[2],"tags":[],"_links":{"self":[{"href":"https:\/\/innovacionygestion.net\/index.php\/wp-json\/wp\/v2\/posts\/929"}],"collection":[{"href":"https:\/\/innovacionygestion.net\/index.php\/wp-json\/wp\/v2\/posts"}],"about":[{"href":"https:\/\/innovacionygestion.net\/index.php\/wp-json\/wp\/v2\/types\/post"}],"author":[{"embeddable":true,"href":"https:\/\/innovacionygestion.net\/index.php\/wp-json\/wp\/v2\/users\/2"}],"replies":[{"embeddable":true,"href":"https:\/\/innovacionygestion.net\/index.php\/wp-json\/wp\/v2\/comments?post=929"}],"version-history":[{"count":1,"href":"https:\/\/innovacionygestion.net\/index.php\/wp-json\/wp\/v2\/posts\/929\/revisions"}],"predecessor-version":[{"id":932,"href":"https:\/\/innovacionygestion.net\/index.php\/wp-json\/wp\/v2\/posts\/929\/revisions\/932"}],"wp:featuredmedia":[{"embeddable":true,"href":"https:\/\/innovacionygestion.net\/index.php\/wp-json\/wp\/v2\/media\/930"}],"wp:attachment":[{"href":"https:\/\/innovacionygestion.net\/index.php\/wp-json\/wp\/v2\/media?parent=929"}],"wp:term":[{"taxonomy":"category","embeddable":true,"href":"https:\/\/innovacionygestion.net\/index.php\/wp-json\/wp\/v2\/categories?post=929"},{"taxonomy":"post_tag","embeddable":true,"href":"https:\/\/innovacionygestion.net\/index.php\/wp-json\/wp\/v2\/tags?post=929"}],"curies":[{"name":"wp","href":"https:\/\/api.w.org\/{rel}","templated":true}]}}